{"id":975,"date":"2024-10-08T22:01:40","date_gmt":"2024-10-08T20:01:40","guid":{"rendered":"https:\/\/seisson-menuiserie.fr\/?p=975"},"modified":"2024-10-08T22:16:27","modified_gmt":"2024-10-08T20:16:27","slug":"fabrication-et-pose-dune-porte-dentree","status":"publish","type":"post","link":"https:\/\/seisson-menuiserie.fr\/?p=975","title":{"rendered":"Fabrication et pose d&rsquo;une porte d&rsquo;entr\u00e9e de copropri\u00e9t\u00e9"},"content":{"rendered":"\n<p class=\"wp-block-paragraph\">Fabrication et pose d&rsquo;une porte d&rsquo;entr\u00e9e de copropri\u00e9t\u00e9. Selon le mod\u00e8le existant \u00e0 la demande des architectes des monuments historiques.<\/p>\n\n\n\n<figure class=\"wp-block-gallery has-nested-images columns-default is-cropped wp-block-gallery-1 is-layout-flex wp-block-gallery-is-layout-flex\">\n<figure class=\"wp-block-image size-large\"><img loading=\"lazy\" decoding=\"async\" width=\"768\" height=\"1024\" data-id=\"966\" src=\"https:\/\/seisson-menuiserie.fr\/wp-content\/uploads\/2024\/10\/PHOTO-2024-06-21-06-32-22-4-768x1024.jpg\" alt=\"\" class=\"wp-image-966\" srcset=\"https:\/\/seisson-menuiserie.fr\/wp-content\/uploads\/2024\/10\/PHOTO-2024-06-21-06-32-22-4-768x1024.jpg 768w, https:\/\/seisson-menuiserie.fr\/wp-content\/uploads\/2024\/10\/PHOTO-2024-06-21-06-32-22-4-225x300.jpg 225w, https:\/\/seisson-menuiserie.fr\/wp-content\/uploads\/2024\/10\/PHOTO-2024-06-21-06-32-22-4-1152x1536.jpg 1152w, https:\/\/seisson-menuiserie.fr\/wp-content\/uploads\/2024\/10\/PHOTO-2024-06-21-06-32-22-4-1024x1365.jpg 1024w, https:\/\/seisson-menuiserie.fr\/wp-content\/uploads\/2024\/10\/PHOTO-2024-06-21-06-32-22-4-810x1080.jpg 810w, https:\/\/seisson-menuiserie.fr\/wp-content\/uploads\/2024\/10\/PHOTO-2024-06-21-06-32-22-4.jpg 1200w\" sizes=\"auto, (max-width: 768px) 100vw, 768px\" \/><\/figure>\n\n\n\n<figure class=\"wp-block-image size-large\"><img loading=\"lazy\" decoding=\"async\" width=\"768\" height=\"1024\" data-id=\"968\" src=\"https:\/\/seisson-menuiserie.fr\/wp-content\/uploads\/2024\/10\/PHOTO-2024-06-21-06-32-22-768x1024.jpg\" alt=\"\" class=\"wp-image-968\" srcset=\"https:\/\/seisson-menuiserie.fr\/wp-content\/uploads\/2024\/10\/PHOTO-2024-06-21-06-32-22-768x1024.jpg 768w, https:\/\/seisson-menuiserie.fr\/wp-content\/uploads\/2024\/10\/PHOTO-2024-06-21-06-32-22-225x300.jpg 225w, https:\/\/seisson-menuiserie.fr\/wp-content\/uploads\/2024\/10\/PHOTO-2024-06-21-06-32-22-1152x1536.jpg 1152w, https:\/\/seisson-menuiserie.fr\/wp-content\/uploads\/2024\/10\/PHOTO-2024-06-21-06-32-22-1024x1365.jpg 1024w, https:\/\/seisson-menuiserie.fr\/wp-content\/uploads\/2024\/10\/PHOTO-2024-06-21-06-32-22-810x1080.jpg 810w, https:\/\/seisson-menuiserie.fr\/wp-content\/uploads\/2024\/10\/PHOTO-2024-06-21-06-32-22.jpg 1200w\" sizes=\"auto, (max-width: 768px) 100vw, 768px\" \/><\/figure>\n\n\n\n<figure class=\"wp-block-image size-large\"><img loading=\"lazy\" decoding=\"async\" width=\"768\" height=\"1024\" data-id=\"967\" src=\"https:\/\/seisson-menuiserie.fr\/wp-content\/uploads\/2024\/10\/PHOTO-2024-06-21-06-32-22-5-768x1024.jpg\" alt=\"\" class=\"wp-image-967\" srcset=\"https:\/\/seisson-menuiserie.fr\/wp-content\/uploads\/2024\/10\/PHOTO-2024-06-21-06-32-22-5-768x1024.jpg 768w, https:\/\/seisson-menuiserie.fr\/wp-content\/uploads\/2024\/10\/PHOTO-2024-06-21-06-32-22-5-225x300.jpg 225w, https:\/\/seisson-menuiserie.fr\/wp-content\/uploads\/2024\/10\/PHOTO-2024-06-21-06-32-22-5-1152x1536.jpg 1152w, https:\/\/seisson-menuiserie.fr\/wp-content\/uploads\/2024\/10\/PHOTO-2024-06-21-06-32-22-5-1024x1365.jpg 1024w, https:\/\/seisson-menuiserie.fr\/wp-content\/uploads\/2024\/10\/PHOTO-2024-06-21-06-32-22-5-810x1080.jpg 810w, https:\/\/seisson-menuiserie.fr\/wp-content\/uploads\/2024\/10\/PHOTO-2024-06-21-06-32-22-5.jpg 1200w\" sizes=\"auto, (max-width: 768px) 100vw, 768px\" \/><\/figure>\n<\/figure>\n\n\n\n<figure class=\"wp-block-gallery has-nested-images columns-default is-cropped wp-block-gallery-2 is-layout-flex wp-block-gallery-is-layout-flex\">\n<figure class=\"wp-block-image size-large\"><img loading=\"lazy\" decoding=\"async\" width=\"240\" height=\"320\" data-id=\"971\" src=\"https:\/\/seisson-menuiserie.fr\/wp-content\/uploads\/2024\/10\/PHOTO-2024-06-21-06-32-23-3.jpg\" alt=\"\" class=\"wp-image-971\" srcset=\"https:\/\/seisson-menuiserie.fr\/wp-content\/uploads\/2024\/10\/PHOTO-2024-06-21-06-32-23-3.jpg 240w, https:\/\/seisson-menuiserie.fr\/wp-content\/uploads\/2024\/10\/PHOTO-2024-06-21-06-32-23-3-225x300.jpg 225w\" sizes=\"auto, (max-width: 240px) 100vw, 240px\" \/><\/figure>\n\n\n\n<figure class=\"wp-block-image size-large\"><img loading=\"lazy\" decoding=\"async\" width=\"768\" height=\"1024\" data-id=\"970\" src=\"https:\/\/seisson-menuiserie.fr\/wp-content\/uploads\/2024\/10\/PHOTO-2024-06-21-06-32-23-2-768x1024.jpg\" alt=\"\" class=\"wp-image-970\" srcset=\"https:\/\/seisson-menuiserie.fr\/wp-content\/uploads\/2024\/10\/PHOTO-2024-06-21-06-32-23-2-768x1024.jpg 768w, https:\/\/seisson-menuiserie.fr\/wp-content\/uploads\/2024\/10\/PHOTO-2024-06-21-06-32-23-2-225x300.jpg 225w, https:\/\/seisson-menuiserie.fr\/wp-content\/uploads\/2024\/10\/PHOTO-2024-06-21-06-32-23-2-1152x1536.jpg 1152w, https:\/\/seisson-menuiserie.fr\/wp-content\/uploads\/2024\/10\/PHOTO-2024-06-21-06-32-23-2-1024x1365.jpg 1024w, https:\/\/seisson-menuiserie.fr\/wp-content\/uploads\/2024\/10\/PHOTO-2024-06-21-06-32-23-2-810x1080.jpg 810w, https:\/\/seisson-menuiserie.fr\/wp-content\/uploads\/2024\/10\/PHOTO-2024-06-21-06-32-23-2.jpg 1200w\" sizes=\"auto, (max-width: 768px) 100vw, 768px\" \/><\/figure>\n\n\n\n<figure class=\"wp-block-image size-large\"><img loading=\"lazy\" decoding=\"async\" width=\"768\" height=\"1024\" data-id=\"964\" src=\"https:\/\/seisson-menuiserie.fr\/wp-content\/uploads\/2024\/10\/PHOTO-2024-06-21-06-32-22-2-768x1024.jpg\" alt=\"\" class=\"wp-image-964\" srcset=\"https:\/\/seisson-menuiserie.fr\/wp-content\/uploads\/2024\/10\/PHOTO-2024-06-21-06-32-22-2-768x1024.jpg 768w, https:\/\/seisson-menuiserie.fr\/wp-content\/uploads\/2024\/10\/PHOTO-2024-06-21-06-32-22-2-225x300.jpg 225w, https:\/\/seisson-menuiserie.fr\/wp-content\/uploads\/2024\/10\/PHOTO-2024-06-21-06-32-22-2-1152x1536.jpg 1152w, https:\/\/seisson-menuiserie.fr\/wp-content\/uploads\/2024\/10\/PHOTO-2024-06-21-06-32-22-2-1024x1365.jpg 1024w, https:\/\/seisson-menuiserie.fr\/wp-content\/uploads\/2024\/10\/PHOTO-2024-06-21-06-32-22-2-810x1080.jpg 810w, https:\/\/seisson-menuiserie.fr\/wp-content\/uploads\/2024\/10\/PHOTO-2024-06-21-06-32-22-2.jpg 1200w\" sizes=\"auto, (max-width: 768px) 100vw, 768px\" \/><\/figure>\n<\/figure>\n\n\n\n<div class=\"wp-block-buttons is-layout-flex wp-block-buttons-is-layout-flex\">\n<div class=\"wp-block-button\"><a class=\"wp-block-button__link wp-element-button\" href=\"https:\/\/seisson-menuiserie.fr\/?page_id=232\">les autres r\u00e9alisations<\/a><\/div>\n<\/div>\n","protected":false},"excerpt":{"rendered":"<p>Fabrication et pose d&rsquo;une porte d&rsquo;entr\u00e9e de copropri\u00e9t\u00e9. Selon le mod\u00e8le existant \u00e0 la demande des architectes des monuments historiques.<\/p>\n","protected":false},"author":1,"featured_media":974,"comment_status":"closed","ping_status":"closed","sticky":false,"template":"","format":"standard","meta":{"om_disable_all_campaigns":false,"_monsterinsights_skip_tracking":false,"_uf_show_specific_survey":0,"_uf_disable_surveys":false,"footnotes":"","_wpscppro_dont_share_socialmedia":false,"_wpscppro_custom_social_share_image":0,"_facebook_share_type":"","_twitter_share_type":"","_linkedin_share_type":"","_pinterest_share_type":"","_linkedin_share_type_page":"","_instagram_share_type":"","_medium_share_type":"","_threads_share_type":"","_google_business_share_type":"","_bluesky_share_type":"","_mastodon_share_type":"","_selected_social_profile":[],"_wpsp_enable_custom_social_template":false,"_wpsp_social_scheduling":{"enabled":false,"datetime":null,"platforms":[],"status":"template_only","dateOption":"today","timeOption":"now","customDays":"","customHours":"","customDate":"","customTime":"","schedulingType":"absolute"},"_wpsp_active_default_template":true},"categories":[1],"tags":[],"class_list":["post-975","post","type-post","status-publish","format-standard","has-post-thumbnail","hentry","category-non-classe"],"aioseo_notices":[],"aioseo_head":"\n\t\t<!-- All in One SEO 5.0.1.1 - aioseo.com -->\n\t<meta name=\"description\" content=\"Fabrication et pose d&#039;une porte d&#039;entr\u00e9e de copropri\u00e9t\u00e9. Selon le mod\u00e8le existant \u00e0 la demande des architectes des monuments historiques.\" \/>\n\t<meta name=\"robots\" content=\"max-image-preview:large\" \/>\n\t<meta name=\"author\" content=\"seissoe\"\/>\n\t<link rel=\"canonical\" href=\"https:\/\/seisson-menuiserie.fr\/?p=975\" \/>\n\t<meta name=\"generator\" content=\"All in One SEO (AIOSEO) 5.0.1.1\" \/>\n\t\t<meta property=\"og:locale\" content=\"fr_FR\" \/>\n\t\t<meta property=\"og:site_name\" content=\"Seisson Menuiserie -\" \/>\n\t\t<meta property=\"og:type\" content=\"article\" \/>\n\t\t<meta property=\"og:title\" content=\"Fabrication et pose d\u2019une porte d\u2019entr\u00e9e de copropri\u00e9t\u00e9\" \/>\n\t\t<meta property=\"og:description\" content=\"Fabrication et pose d&#039;une porte d&#039;entr\u00e9e de copropri\u00e9t\u00e9. Selon le mod\u00e8le existant \u00e0 la demande des architectes des monuments historiques.\" \/>\n\t\t<meta property=\"og:url\" content=\"https:\/\/seisson-menuiserie.fr\/?p=975\" \/>\n\t\t<meta property=\"og:image\" content=\"https:\/\/seisson-menuiserie.fr\/wp-content\/uploads\/2024\/10\/PHOTO-2024-06-21-06-32-23-6.jpg\" \/>\n\t\t<meta property=\"og:image:secure_url\" content=\"https:\/\/seisson-menuiserie.fr\/wp-content\/uploads\/2024\/10\/PHOTO-2024-06-21-06-32-23-6.jpg\" \/>\n\t\t<meta property=\"og:image:width\" content=\"1200\" \/>\n\t\t<meta property=\"og:image:height\" content=\"1600\" \/>\n\t\t<meta property=\"article:published_time\" content=\"2024-10-08T20:01:40+00:00\" \/>\n\t\t<meta property=\"article:modified_time\" content=\"2024-10-08T20:16:27+00:00\" \/>\n\t\t<meta property=\"article:publisher\" content=\"https:\/\/www.facebook.com\/search\/top?q=seissonmenuiserie\" \/>\n\t\t<meta name=\"twitter:card\" content=\"summary_large_image\" \/>\n\t\t<meta name=\"twitter:title\" content=\"Fabrication et pose d\u2019une porte d\u2019entr\u00e9e de copropri\u00e9t\u00e9\" \/>\n\t\t<meta name=\"twitter:description\" content=\"Fabrication et pose d&#039;une porte d&#039;entr\u00e9e de copropri\u00e9t\u00e9. Selon le mod\u00e8le existant \u00e0 la demande des architectes des monuments historiques.\" \/>\n\t\t<meta name=\"twitter:image\" content=\"http:\/\/seisson-menuiserie.fr\/wp-content\/uploads\/2022\/10\/logo-accueil-1-scaled.jpg\" \/>\n\t\t<script type=\"application\/ld+json\" class=\"aioseo-schema\">\n\t\t\t{\"@context\":\"https:\\\/\\\/schema.org\",\"@graph\":[{\"@type\":\"BlogPosting\",\"@id\":\"https:\\\/\\\/seisson-menuiserie.fr\\\/?p=975#blogposting\",\"name\":\"Fabrication et pose d\\u2019une porte d\\u2019entr\\u00e9e de copropri\\u00e9t\\u00e9\",\"headline\":\"Fabrication et pose d&rsquo;une porte d&rsquo;entr\\u00e9e de copropri\\u00e9t\\u00e9\",\"author\":{\"@id\":\"https:\\\/\\\/seisson-menuiserie.fr\\\/?author=1#author\"},\"publisher\":{\"@id\":\"https:\\\/\\\/seisson-menuiserie.fr\\\/#organization\"},\"image\":{\"@type\":\"ImageObject\",\"url\":\"https:\\\/\\\/seisson-menuiserie.fr\\\/wp-content\\\/uploads\\\/2024\\\/10\\\/PHOTO-2024-06-21-06-32-23-6.jpg\",\"width\":1200,\"height\":1600},\"datePublished\":\"2024-10-08T22:01:40+02:00\",\"dateModified\":\"2024-10-08T22:16:27+02:00\",\"inLanguage\":\"fr-FR\",\"mainEntityOfPage\":{\"@id\":\"https:\\\/\\\/seisson-menuiserie.fr\\\/?p=975#webpage\"},\"isPartOf\":{\"@id\":\"https:\\\/\\\/seisson-menuiserie.fr\\\/?p=975#webpage\"},\"articleSection\":\"Non class\\u00e9\"},{\"@type\":\"BreadcrumbList\",\"@id\":\"https:\\\/\\\/seisson-menuiserie.fr\\\/?p=975#breadcrumblist\",\"itemListElement\":[{\"@type\":\"ListItem\",\"@id\":\"https:\\\/\\\/seisson-menuiserie.fr#listItem\",\"position\":1,\"name\":\"Home\",\"item\":\"https:\\\/\\\/seisson-menuiserie.fr\",\"nextItem\":{\"@type\":\"ListItem\",\"@id\":\"https:\\\/\\\/seisson-menuiserie.fr\\\/?cat=1#listItem\",\"name\":\"Non class\\u00e9\"}},{\"@type\":\"ListItem\",\"@id\":\"https:\\\/\\\/seisson-menuiserie.fr\\\/?cat=1#listItem\",\"position\":2,\"name\":\"Non class\\u00e9\",\"item\":\"https:\\\/\\\/seisson-menuiserie.fr\\\/?cat=1\",\"nextItem\":{\"@type\":\"ListItem\",\"@id\":\"https:\\\/\\\/seisson-menuiserie.fr\\\/?p=975#listItem\",\"name\":\"Fabrication et pose d&rsquo;une porte d&rsquo;entr\\u00e9e de copropri\\u00e9t\\u00e9\"},\"previousItem\":{\"@type\":\"ListItem\",\"@id\":\"https:\\\/\\\/seisson-menuiserie.fr#listItem\",\"name\":\"Home\"}},{\"@type\":\"ListItem\",\"@id\":\"https:\\\/\\\/seisson-menuiserie.fr\\\/?p=975#listItem\",\"position\":3,\"name\":\"Fabrication et pose d&rsquo;une porte d&rsquo;entr\\u00e9e de copropri\\u00e9t\\u00e9\",\"previousItem\":{\"@type\":\"ListItem\",\"@id\":\"https:\\\/\\\/seisson-menuiserie.fr\\\/?cat=1#listItem\",\"name\":\"Non class\\u00e9\"}}]},{\"@type\":\"Organization\",\"@id\":\"https:\\\/\\\/seisson-menuiserie.fr\\\/#organization\",\"name\":\"Seisson Menuiserie\",\"url\":\"https:\\\/\\\/seisson-menuiserie.fr\\\/\",\"logo\":{\"@type\":\"ImageObject\",\"url\":\"https:\\\/\\\/seisson-menuiserie.fr\\\/wp-content\\\/uploads\\\/2022\\\/10\\\/logo-accueil-1-scaled.jpg\",\"@id\":\"https:\\\/\\\/seisson-menuiserie.fr\\\/?p=975\\\/#organizationLogo\",\"width\":2560,\"height\":731},\"image\":{\"@id\":\"https:\\\/\\\/seisson-menuiserie.fr\\\/?p=975\\\/#organizationLogo\"},\"sameAs\":[\"https:\\\/\\\/www.facebook.com\\\/search\\\/top?q=seissonmenuiserie\",\"https:\\\/\\\/www.instagram.com\\\/seisson_menuiserie\\\/\"]},{\"@type\":\"Person\",\"@id\":\"https:\\\/\\\/seisson-menuiserie.fr\\\/?author=1#author\",\"url\":\"https:\\\/\\\/seisson-menuiserie.fr\\\/?author=1\",\"name\":\"seissoe\",\"image\":{\"@type\":\"ImageObject\",\"@id\":\"https:\\\/\\\/seisson-menuiserie.fr\\\/?p=975#authorImage\",\"url\":\"https:\\\/\\\/secure.gravatar.com\\\/avatar\\\/29f877c9cbab61e3a4ff36126e6b3acabe023bb53c6a2ffefc7ef28300542267?s=96&d=mm&r=g\",\"width\":96,\"height\":96,\"caption\":\"seissoe\"}},{\"@type\":\"WebPage\",\"@id\":\"https:\\\/\\\/seisson-menuiserie.fr\\\/?p=975#webpage\",\"url\":\"https:\\\/\\\/seisson-menuiserie.fr\\\/?p=975\",\"name\":\"Fabrication et pose d\\u2019une porte d\\u2019entr\\u00e9e de copropri\\u00e9t\\u00e9\",\"description\":\"Fabrication et pose d'une porte d'entr\\u00e9e de copropri\\u00e9t\\u00e9. Selon le mod\\u00e8le existant \\u00e0 la demande des architectes des monuments historiques.\",\"inLanguage\":\"fr-FR\",\"isPartOf\":{\"@id\":\"https:\\\/\\\/seisson-menuiserie.fr\\\/#website\"},\"breadcrumb\":{\"@id\":\"https:\\\/\\\/seisson-menuiserie.fr\\\/?p=975#breadcrumblist\"},\"author\":{\"@id\":\"https:\\\/\\\/seisson-menuiserie.fr\\\/?author=1#author\"},\"creator\":{\"@id\":\"https:\\\/\\\/seisson-menuiserie.fr\\\/?author=1#author\"},\"image\":{\"@type\":\"ImageObject\",\"url\":\"https:\\\/\\\/seisson-menuiserie.fr\\\/wp-content\\\/uploads\\\/2024\\\/10\\\/PHOTO-2024-06-21-06-32-23-6.jpg\",\"@id\":\"https:\\\/\\\/seisson-menuiserie.fr\\\/?p=975\\\/#mainImage\",\"width\":1200,\"height\":1600},\"primaryImageOfPage\":{\"@id\":\"https:\\\/\\\/seisson-menuiserie.fr\\\/?p=975#mainImage\"},\"datePublished\":\"2024-10-08T22:01:40+02:00\",\"dateModified\":\"2024-10-08T22:16:27+02:00\"},{\"@type\":\"WebSite\",\"@id\":\"https:\\\/\\\/seisson-menuiserie.fr\\\/#website\",\"url\":\"https:\\\/\\\/seisson-menuiserie.fr\\\/\",\"name\":\"Seisson Menuiserie\",\"inLanguage\":\"fr-FR\",\"publisher\":{\"@id\":\"https:\\\/\\\/seisson-menuiserie.fr\\\/#organization\"}}]}\n\t\t<\/script>\n\t\t<!-- All in One SEO -->\n\n","aioseo_head_json":{"title":"Fabrication et pose d\u2019une porte d\u2019entr\u00e9e de copropri\u00e9t\u00e9","description":"Fabrication et pose d'une porte d'entr\u00e9e de copropri\u00e9t\u00e9. Selon le mod\u00e8le existant \u00e0 la demande des architectes des monuments historiques.","canonical_url":"https:\/\/seisson-menuiserie.fr\/?p=975","robots":"max-image-preview:large","keywords":"","webmasterTools":{"miscellaneous":""},"schema":{"@context":"https:\/\/schema.org","@graph":[{"@type":"BlogPosting","@id":"https:\/\/seisson-menuiserie.fr\/?p=975#blogposting","name":"Fabrication et pose d\u2019une porte d\u2019entr\u00e9e de copropri\u00e9t\u00e9","headline":"Fabrication et pose d&rsquo;une porte d&rsquo;entr\u00e9e de copropri\u00e9t\u00e9","author":{"@id":"https:\/\/seisson-menuiserie.fr\/?author=1#author"},"publisher":{"@id":"https:\/\/seisson-menuiserie.fr\/#organization"},"image":{"@type":"ImageObject","url":"https:\/\/seisson-menuiserie.fr\/wp-content\/uploads\/2024\/10\/PHOTO-2024-06-21-06-32-23-6.jpg","width":1200,"height":1600},"datePublished":"2024-10-08T22:01:40+02:00","dateModified":"2024-10-08T22:16:27+02:00","inLanguage":"fr-FR","mainEntityOfPage":{"@id":"https:\/\/seisson-menuiserie.fr\/?p=975#webpage"},"isPartOf":{"@id":"https:\/\/seisson-menuiserie.fr\/?p=975#webpage"},"articleSection":"Non class\u00e9"},{"@type":"BreadcrumbList","@id":"https:\/\/seisson-menuiserie.fr\/?p=975#breadcrumblist","itemListElement":[{"@type":"ListItem","@id":"https:\/\/seisson-menuiserie.fr#listItem","position":1,"name":"Home","item":"https:\/\/seisson-menuiserie.fr","nextItem":{"@type":"ListItem","@id":"https:\/\/seisson-menuiserie.fr\/?cat=1#listItem","name":"Non class\u00e9"}},{"@type":"ListItem","@id":"https:\/\/seisson-menuiserie.fr\/?cat=1#listItem","position":2,"name":"Non class\u00e9","item":"https:\/\/seisson-menuiserie.fr\/?cat=1","nextItem":{"@type":"ListItem","@id":"https:\/\/seisson-menuiserie.fr\/?p=975#listItem","name":"Fabrication et pose d&rsquo;une porte d&rsquo;entr\u00e9e de copropri\u00e9t\u00e9"},"previousItem":{"@type":"ListItem","@id":"https:\/\/seisson-menuiserie.fr#listItem","name":"Home"}},{"@type":"ListItem","@id":"https:\/\/seisson-menuiserie.fr\/?p=975#listItem","position":3,"name":"Fabrication et pose d&rsquo;une porte d&rsquo;entr\u00e9e de copropri\u00e9t\u00e9","previousItem":{"@type":"ListItem","@id":"https:\/\/seisson-menuiserie.fr\/?cat=1#listItem","name":"Non class\u00e9"}}]},{"@type":"Organization","@id":"https:\/\/seisson-menuiserie.fr\/#organization","name":"Seisson Menuiserie","url":"https:\/\/seisson-menuiserie.fr\/","logo":{"@type":"ImageObject","url":"https:\/\/seisson-menuiserie.fr\/wp-content\/uploads\/2022\/10\/logo-accueil-1-scaled.jpg","@id":"https:\/\/seisson-menuiserie.fr\/?p=975\/#organizationLogo","width":2560,"height":731},"image":{"@id":"https:\/\/seisson-menuiserie.fr\/?p=975\/#organizationLogo"},"sameAs":["https:\/\/www.facebook.com\/search\/top?q=seissonmenuiserie","https:\/\/www.instagram.com\/seisson_menuiserie\/"]},{"@type":"Person","@id":"https:\/\/seisson-menuiserie.fr\/?author=1#author","url":"https:\/\/seisson-menuiserie.fr\/?author=1","name":"seissoe","image":{"@type":"ImageObject","@id":"https:\/\/seisson-menuiserie.fr\/?p=975#authorImage","url":"https:\/\/secure.gravatar.com\/avatar\/29f877c9cbab61e3a4ff36126e6b3acabe023bb53c6a2ffefc7ef28300542267?s=96&d=mm&r=g","width":96,"height":96,"caption":"seissoe"}},{"@type":"WebPage","@id":"https:\/\/seisson-menuiserie.fr\/?p=975#webpage","url":"https:\/\/seisson-menuiserie.fr\/?p=975","name":"Fabrication et pose d\u2019une porte d\u2019entr\u00e9e de copropri\u00e9t\u00e9","description":"Fabrication et pose d'une porte d'entr\u00e9e de copropri\u00e9t\u00e9. Selon le mod\u00e8le existant \u00e0 la demande des architectes des monuments historiques.","inLanguage":"fr-FR","isPartOf":{"@id":"https:\/\/seisson-menuiserie.fr\/#website"},"breadcrumb":{"@id":"https:\/\/seisson-menuiserie.fr\/?p=975#breadcrumblist"},"author":{"@id":"https:\/\/seisson-menuiserie.fr\/?author=1#author"},"creator":{"@id":"https:\/\/seisson-menuiserie.fr\/?author=1#author"},"image":{"@type":"ImageObject","url":"https:\/\/seisson-menuiserie.fr\/wp-content\/uploads\/2024\/10\/PHOTO-2024-06-21-06-32-23-6.jpg","@id":"https:\/\/seisson-menuiserie.fr\/?p=975\/#mainImage","width":1200,"height":1600},"primaryImageOfPage":{"@id":"https:\/\/seisson-menuiserie.fr\/?p=975#mainImage"},"datePublished":"2024-10-08T22:01:40+02:00","dateModified":"2024-10-08T22:16:27+02:00"},{"@type":"WebSite","@id":"https:\/\/seisson-menuiserie.fr\/#website","url":"https:\/\/seisson-menuiserie.fr\/","name":"Seisson Menuiserie","inLanguage":"fr-FR","publisher":{"@id":"https:\/\/seisson-menuiserie.fr\/#organization"}}]},"og:locale":"fr_FR","og:site_name":"Seisson Menuiserie -","og:type":"article","og:title":"Fabrication et pose d\u2019une porte d\u2019entr\u00e9e de copropri\u00e9t\u00e9","og:description":"Fabrication et pose d'une porte d'entr\u00e9e de copropri\u00e9t\u00e9. Selon le mod\u00e8le existant \u00e0 la demande des architectes des monuments historiques.","og:url":"https:\/\/seisson-menuiserie.fr\/?p=975","og:image":"https:\/\/seisson-menuiserie.fr\/wp-content\/uploads\/2024\/10\/PHOTO-2024-06-21-06-32-23-6.jpg","og:image:secure_url":"https:\/\/seisson-menuiserie.fr\/wp-content\/uploads\/2024\/10\/PHOTO-2024-06-21-06-32-23-6.jpg","og:image:width":"1200","og:image:height":"1600","article:published_time":"2024-10-08T20:01:40+00:00","article:modified_time":"2024-10-08T20:16:27+00:00","article:publisher":"https:\/\/www.facebook.com\/search\/top?q=seissonmenuiserie","twitter:card":"summary_large_image","twitter:title":"Fabrication et pose d\u2019une porte d\u2019entr\u00e9e de copropri\u00e9t\u00e9","twitter:description":"Fabrication et pose d'une porte d'entr\u00e9e de copropri\u00e9t\u00e9. Selon le mod\u00e8le existant \u00e0 la demande des architectes des monuments historiques.","twitter:image":"http:\/\/seisson-menuiserie.fr\/wp-content\/uploads\/2022\/10\/logo-accueil-1-scaled.jpg"},"aioseo_meta_data":{"post_id":"975","title":"#post_title","description":"Fabrication et pose d'une porte d'entr\u00e9e de copropri\u00e9t\u00e9. Selon le mod\u00e8le existant \u00e0 la demande des architectes des monuments historiques.","keywords":null,"keyphrases":{"focus":{"keyphrase":"","score":0,"analysis":{"keyphraseInTitle":{"score":0,"maxScore":9,"error":1}}},"additional":[]},"primary_term":null,"canonical_url":null,"og_title":"#post_title","og_description":null,"og_object_type":"default","og_image_type":"featured","og_image_url":"http:\/\/seisson-menuiserie.fr\/wp-content\/uploads\/2024\/10\/PHOTO-2024-06-21-06-32-23-6.jpg","og_image_width":"1200","og_image_height":"1600","og_image_custom_url":null,"og_image_custom_fields":null,"og_video":"","og_custom_url":null,"og_article_section":null,"og_article_tags":null,"twitter_use_og":false,"twitter_card":"default","twitter_image_type":"default","twitter_image_url":null,"twitter_image_custom_url":null,"twitter_image_custom_fields":null,"twitter_title":null,"twitter_description":null,"schema":{"blockGraphs":[],"customGraphs":[],"default":{"data":{"Article":[],"Course":[],"Dataset":[],"FAQPage":[],"Movie":[],"Person":[],"Product":[],"ProductReview":[],"Car":[],"Recipe":[],"Service":[],"SoftwareApplication":[],"WebPage":[]},"graphName":"BlogPosting","isEnabled":true},"graphs":[]},"schema_type":"default","schema_type_options":null,"pillar_content":false,"robots_default":true,"robots_noindex":false,"robots_noarchive":false,"robots_nosnippet":false,"robots_nofollow":false,"robots_noimageindex":false,"robots_noodp":false,"robots_notranslate":false,"robots_max_snippet":"-1","robots_max_videopreview":"-1","robots_max_imagepreview":"large","priority":null,"frequency":"default","local_seo":null,"breadcrumb_settings":null,"limit_modified_date":false,"ai":null,"created":"2024-10-08 20:01:44","updated":"2025-06-04 09:34:30","focus_keyword":null,"additional_keywords":null,"truseo_locale":null,"seo_analyzer_scan_date":null},"aioseo_breadcrumb":"<div class=\"aioseo-breadcrumbs\"><span class=\"aioseo-breadcrumb\">\n\t\t\t<a href=\"https:\/\/seisson-menuiserie.fr\" title=\"Home\">Home<\/a>\n\t\t<\/span><span class=\"aioseo-breadcrumb-separator\">&raquo;<\/span><span class=\"aioseo-breadcrumb\">\n\t\t\t<a href=\"https:\/\/seisson-menuiserie.fr\/?cat=1\" title=\"Non class\u00e9\">Non class\u00e9<\/a>\n\t\t<\/span><span class=\"aioseo-breadcrumb-separator\">&raquo;<\/span><span class=\"aioseo-breadcrumb\">\n\t\t\tFabrication et pose d\u2019une porte d\u2019entr\u00e9e de copropri\u00e9t\u00e9\n\t\t<\/span><\/div>","aioseo_breadcrumb_json":[{"label":"Home","link":"https:\/\/seisson-menuiserie.fr"},{"label":"Non class\u00e9","link":"https:\/\/seisson-menuiserie.fr\/?cat=1"},{"label":"Fabrication et pose d&rsquo;une porte d&rsquo;entr\u00e9e de copropri\u00e9t\u00e9","link":"https:\/\/seisson-menuiserie.fr\/?p=975"}],"_links":{"self":[{"href":"https:\/\/seisson-menuiserie.fr\/index.php?rest_route=\/wp\/v2\/posts\/975","targetHints":{"allow":["GET"]}}],"collection":[{"href":"https:\/\/seisson-menuiserie.fr\/index.php?rest_route=\/wp\/v2\/posts"}],"about":[{"href":"https:\/\/seisson-menuiserie.fr\/index.php?rest_route=\/wp\/v2\/types\/post"}],"author":[{"embeddable":true,"href":"https:\/\/seisson-menuiserie.fr\/index.php?rest_route=\/wp\/v2\/users\/1"}],"replies":[{"embeddable":true,"href":"https:\/\/seisson-menuiserie.fr\/index.php?rest_route=%2Fwp%2Fv2%2Fcomments&post=975"}],"version-history":[{"count":2,"href":"https:\/\/seisson-menuiserie.fr\/index.php?rest_route=\/wp\/v2\/posts\/975\/revisions"}],"predecessor-version":[{"id":977,"href":"https:\/\/seisson-menuiserie.fr\/index.php?rest_route=\/wp\/v2\/posts\/975\/revisions\/977"}],"wp:featuredmedia":[{"embeddable":true,"href":"https:\/\/seisson-menuiserie.fr\/index.php?rest_route=\/wp\/v2\/media\/974"}],"wp:attachment":[{"href":"https:\/\/seisson-menuiserie.fr\/index.php?rest_route=%2Fwp%2Fv2%2Fmedia&parent=975"}],"wp:term":[{"taxonomy":"category","embeddable":true,"href":"https:\/\/seisson-menuiserie.fr\/index.php?rest_route=%2Fwp%2Fv2%2Fcategories&post=975"},{"taxonomy":"post_tag","embeddable":true,"href":"https:\/\/seisson-menuiserie.fr\/index.php?rest_route=%2Fwp%2Fv2%2Ftags&post=975"}],"curies":[{"name":"wp","href":"https:\/\/api.w.org\/{rel}","templated":true}]}}