{"id":920,"date":"2024-06-09T17:12:08","date_gmt":"2024-06-09T15:12:08","guid":{"rendered":"https:\/\/seisson-menuiserie.fr\/?p=920"},"modified":"2024-06-17T22:51:33","modified_gmt":"2024-06-17T20:51:33","slug":"escalier-en-chene","status":"publish","type":"post","link":"https:\/\/seisson-menuiserie.fr\/?p=920","title":{"rendered":"Escalier en ch\u00eane"},"content":{"rendered":"\n<p class=\"wp-block-paragraph\">Escalier en ch\u00eane avec d\u00e9part en S.<br>Pose entre murs<\/p>\n\n\n\n<figure class=\"wp-block-gallery has-nested-images columns-default is-cropped wp-block-gallery-1 is-layout-flex wp-block-gallery-is-layout-flex\">\n<figure class=\"wp-block-image size-large\"><img loading=\"lazy\" decoding=\"async\" width=\"461\" height=\"1024\" data-id=\"926\" src=\"https:\/\/seisson-menuiserie.fr\/wp-content\/uploads\/2024\/06\/PHOTO-2024-05-31-06-24-11-5-461x1024.jpg\" alt=\"\" class=\"wp-image-926\" srcset=\"https:\/\/seisson-menuiserie.fr\/wp-content\/uploads\/2024\/06\/PHOTO-2024-05-31-06-24-11-5-461x1024.jpg 461w, https:\/\/seisson-menuiserie.fr\/wp-content\/uploads\/2024\/06\/PHOTO-2024-05-31-06-24-11-5-135x300.jpg 135w, https:\/\/seisson-menuiserie.fr\/wp-content\/uploads\/2024\/06\/PHOTO-2024-05-31-06-24-11-5-692x1536.jpg 692w, https:\/\/seisson-menuiserie.fr\/wp-content\/uploads\/2024\/06\/PHOTO-2024-05-31-06-24-11-5.jpg 721w\" sizes=\"auto, (max-width: 461px) 100vw, 461px\" \/><\/figure>\n\n\n\n<figure class=\"wp-block-image size-large\"><img loading=\"lazy\" decoding=\"async\" width=\"360\" height=\"480\" data-id=\"927\" src=\"https:\/\/seisson-menuiserie.fr\/wp-content\/uploads\/2024\/06\/PHOTO-2024-05-31-06-24-11.jpg\" alt=\"\" class=\"wp-image-927\" srcset=\"https:\/\/seisson-menuiserie.fr\/wp-content\/uploads\/2024\/06\/PHOTO-2024-05-31-06-24-11.jpg 360w, https:\/\/seisson-menuiserie.fr\/wp-content\/uploads\/2024\/06\/PHOTO-2024-05-31-06-24-11-225x300.jpg 225w\" sizes=\"auto, (max-width: 360px) 100vw, 360px\" \/><\/figure>\n\n\n\n<figure class=\"wp-block-image size-large\"><img loading=\"lazy\" decoding=\"async\" width=\"461\" height=\"1024\" data-id=\"925\" src=\"https:\/\/seisson-menuiserie.fr\/wp-content\/uploads\/2024\/06\/PHOTO-2024-05-31-06-24-11-4-461x1024.jpg\" alt=\"\" class=\"wp-image-925\" srcset=\"https:\/\/seisson-menuiserie.fr\/wp-content\/uploads\/2024\/06\/PHOTO-2024-05-31-06-24-11-4-461x1024.jpg 461w, https:\/\/seisson-menuiserie.fr\/wp-content\/uploads\/2024\/06\/PHOTO-2024-05-31-06-24-11-4-135x300.jpg 135w, https:\/\/seisson-menuiserie.fr\/wp-content\/uploads\/2024\/06\/PHOTO-2024-05-31-06-24-11-4-692x1536.jpg 692w, https:\/\/seisson-menuiserie.fr\/wp-content\/uploads\/2024\/06\/PHOTO-2024-05-31-06-24-11-4.jpg 721w\" sizes=\"auto, (max-width: 461px) 100vw, 461px\" \/><\/figure>\n\n\n\n<figure class=\"wp-block-image size-large\"><img loading=\"lazy\" decoding=\"async\" width=\"461\" height=\"1024\" data-id=\"924\" src=\"https:\/\/seisson-menuiserie.fr\/wp-content\/uploads\/2024\/06\/PHOTO-2024-05-31-06-24-11-3-461x1024.jpg\" alt=\"\" class=\"wp-image-924\" srcset=\"https:\/\/seisson-menuiserie.fr\/wp-content\/uploads\/2024\/06\/PHOTO-2024-05-31-06-24-11-3-461x1024.jpg 461w, https:\/\/seisson-menuiserie.fr\/wp-content\/uploads\/2024\/06\/PHOTO-2024-05-31-06-24-11-3-135x300.jpg 135w, https:\/\/seisson-menuiserie.fr\/wp-content\/uploads\/2024\/06\/PHOTO-2024-05-31-06-24-11-3-692x1536.jpg 692w, https:\/\/seisson-menuiserie.fr\/wp-content\/uploads\/2024\/06\/PHOTO-2024-05-31-06-24-11-3.jpg 721w\" sizes=\"auto, (max-width: 461px) 100vw, 461px\" \/><\/figure>\n\n\n\n<figure class=\"wp-block-image size-large\"><img loading=\"lazy\" decoding=\"async\" width=\"461\" height=\"1024\" data-id=\"923\" src=\"https:\/\/seisson-menuiserie.fr\/wp-content\/uploads\/2024\/06\/PHOTO-2024-05-31-06-24-11-2-461x1024.jpg\" alt=\"\" class=\"wp-image-923\" srcset=\"https:\/\/seisson-menuiserie.fr\/wp-content\/uploads\/2024\/06\/PHOTO-2024-05-31-06-24-11-2-461x1024.jpg 461w, https:\/\/seisson-menuiserie.fr\/wp-content\/uploads\/2024\/06\/PHOTO-2024-05-31-06-24-11-2-135x300.jpg 135w, https:\/\/seisson-menuiserie.fr\/wp-content\/uploads\/2024\/06\/PHOTO-2024-05-31-06-24-11-2-692x1536.jpg 692w, https:\/\/seisson-menuiserie.fr\/wp-content\/uploads\/2024\/06\/PHOTO-2024-05-31-06-24-11-2.jpg 721w\" sizes=\"auto, (max-width: 461px) 100vw, 461px\" \/><\/figure>\n\n\n\n<figure class=\"wp-block-image size-large\"><img loading=\"lazy\" decoding=\"async\" width=\"461\" height=\"1024\" data-id=\"922\" src=\"https:\/\/seisson-menuiserie.fr\/wp-content\/uploads\/2024\/06\/PHOTO-2024-05-31-06-24-10-461x1024.jpg\" alt=\"\" class=\"wp-image-922\" srcset=\"https:\/\/seisson-menuiserie.fr\/wp-content\/uploads\/2024\/06\/PHOTO-2024-05-31-06-24-10-461x1024.jpg 461w, https:\/\/seisson-menuiserie.fr\/wp-content\/uploads\/2024\/06\/PHOTO-2024-05-31-06-24-10-135x300.jpg 135w, https:\/\/seisson-menuiserie.fr\/wp-content\/uploads\/2024\/06\/PHOTO-2024-05-31-06-24-10-692x1536.jpg 692w, https:\/\/seisson-menuiserie.fr\/wp-content\/uploads\/2024\/06\/PHOTO-2024-05-31-06-24-10.jpg 721w\" sizes=\"auto, (max-width: 461px) 100vw, 461px\" \/><\/figure>\n<\/figure>\n\n\n\n<div class=\"wp-block-buttons is-layout-flex wp-block-buttons-is-layout-flex\">\n<div class=\"wp-block-button\"><a class=\"wp-block-button__link wp-element-button\" href=\"https:\/\/seisson-menuiserie.fr\/?page_id=93\">voir d&rsquo;autres escaliers<\/a><\/div>\n<\/div>\n","protected":false},"excerpt":{"rendered":"<p>Escalier en ch\u00eane avec d\u00e9part en S.Pose entre murs<\/p>\n","protected":false},"author":1,"featured_media":928,"comment_status":"closed","ping_status":"closed","sticky":false,"template":"","format":"standard","meta":{"om_disable_all_campaigns":false,"_monsterinsights_skip_tracking":false,"_uf_show_specific_survey":0,"_uf_disable_surveys":false,"footnotes":"","_wpscppro_dont_share_socialmedia":false,"_wpscppro_custom_social_share_image":0,"_facebook_share_type":"","_twitter_share_type":"","_linkedin_share_type":"","_pinterest_share_type":"","_linkedin_share_type_page":"","_instagram_share_type":"","_medium_share_type":"","_threads_share_type":"","_google_business_share_type":"","_bluesky_share_type":"","_mastodon_share_type":"","_selected_social_profile":[],"_wpsp_enable_custom_social_template":false,"_wpsp_social_scheduling":{"enabled":false,"datetime":null,"platforms":[],"status":"template_only","dateOption":"today","timeOption":"now","customDays":"","customHours":"","customDate":"","customTime":"","schedulingType":"absolute"},"_wpsp_active_default_template":true},"categories":[1],"tags":[],"class_list":["post-920","post","type-post","status-publish","format-standard","has-post-thumbnail","hentry","category-non-classe"],"aioseo_notices":[],"aioseo_head":"\n\t\t<!-- All in One SEO 5.0.1.1 - aioseo.com -->\n\t<meta name=\"description\" content=\"Escalier en ch\u00eane avec d\u00e9part en S.Pose entre murs voir d&#039;autres escaliers\" \/>\n\t<meta name=\"robots\" content=\"max-image-preview:large\" \/>\n\t<meta name=\"author\" content=\"seissoe\"\/>\n\t<link rel=\"canonical\" href=\"https:\/\/seisson-menuiserie.fr\/?p=920\" \/>\n\t<meta name=\"generator\" content=\"All in One SEO (AIOSEO) 5.0.1.1\" \/>\n\t\t<meta property=\"og:locale\" content=\"fr_FR\" \/>\n\t\t<meta property=\"og:site_name\" content=\"Seisson Menuiserie -\" \/>\n\t\t<meta property=\"og:type\" content=\"article\" \/>\n\t\t<meta property=\"og:title\" content=\"Escalier en ch\u00eane\" \/>\n\t\t<meta property=\"og:description\" content=\"Escalier en ch\u00eane avec d\u00e9part en S.Pose entre murs voir d&#039;autres escaliers\" \/>\n\t\t<meta property=\"og:url\" content=\"https:\/\/seisson-menuiserie.fr\/?p=920\" \/>\n\t\t<meta property=\"og:image\" content=\"https:\/\/seisson-menuiserie.fr\/wp-content\/uploads\/2024\/06\/trio-escalier-scaled.jpg\" \/>\n\t\t<meta property=\"og:image:secure_url\" content=\"https:\/\/seisson-menuiserie.fr\/wp-content\/uploads\/2024\/06\/trio-escalier-scaled.jpg\" \/>\n\t\t<meta property=\"article:published_time\" content=\"2024-06-09T15:12:08+00:00\" \/>\n\t\t<meta property=\"article:modified_time\" content=\"2024-06-17T20:51:33+00:00\" \/>\n\t\t<meta property=\"article:publisher\" content=\"https:\/\/www.facebook.com\/search\/top?q=seissonmenuiserie\" \/>\n\t\t<meta name=\"twitter:card\" content=\"summary_large_image\" \/>\n\t\t<meta name=\"twitter:title\" content=\"Escalier en ch\u00eane\" \/>\n\t\t<meta name=\"twitter:description\" content=\"Escalier en ch\u00eane avec d\u00e9part en S.Pose entre murs voir d&#039;autres escaliers\" \/>\n\t\t<meta name=\"twitter:image\" content=\"http:\/\/seisson-menuiserie.fr\/wp-content\/uploads\/2022\/10\/logo-accueil-1-scaled.jpg\" \/>\n\t\t<script type=\"application\/ld+json\" class=\"aioseo-schema\">\n\t\t\t{\"@context\":\"https:\\\/\\\/schema.org\",\"@graph\":[{\"@type\":\"BlogPosting\",\"@id\":\"https:\\\/\\\/seisson-menuiserie.fr\\\/?p=920#blogposting\",\"name\":\"Escalier en ch\\u00eane\",\"headline\":\"Escalier en ch\\u00eane\",\"author\":{\"@id\":\"https:\\\/\\\/seisson-menuiserie.fr\\\/?author=1#author\"},\"publisher\":{\"@id\":\"https:\\\/\\\/seisson-menuiserie.fr\\\/#organization\"},\"image\":{\"@type\":\"ImageObject\",\"url\":\"https:\\\/\\\/seisson-menuiserie.fr\\\/wp-content\\\/uploads\\\/2024\\\/06\\\/trio-escalier-scaled.jpg\",\"width\":2560,\"height\":1457},\"datePublished\":\"2024-06-09T17:12:08+02:00\",\"dateModified\":\"2024-06-17T22:51:33+02:00\",\"inLanguage\":\"fr-FR\",\"mainEntityOfPage\":{\"@id\":\"https:\\\/\\\/seisson-menuiserie.fr\\\/?p=920#webpage\"},\"isPartOf\":{\"@id\":\"https:\\\/\\\/seisson-menuiserie.fr\\\/?p=920#webpage\"},\"articleSection\":\"Non class\\u00e9\"},{\"@type\":\"BreadcrumbList\",\"@id\":\"https:\\\/\\\/seisson-menuiserie.fr\\\/?p=920#breadcrumblist\",\"itemListElement\":[{\"@type\":\"ListItem\",\"@id\":\"https:\\\/\\\/seisson-menuiserie.fr#listItem\",\"position\":1,\"name\":\"Home\",\"item\":\"https:\\\/\\\/seisson-menuiserie.fr\",\"nextItem\":{\"@type\":\"ListItem\",\"@id\":\"https:\\\/\\\/seisson-menuiserie.fr\\\/?cat=1#listItem\",\"name\":\"Non class\\u00e9\"}},{\"@type\":\"ListItem\",\"@id\":\"https:\\\/\\\/seisson-menuiserie.fr\\\/?cat=1#listItem\",\"position\":2,\"name\":\"Non class\\u00e9\",\"item\":\"https:\\\/\\\/seisson-menuiserie.fr\\\/?cat=1\",\"nextItem\":{\"@type\":\"ListItem\",\"@id\":\"https:\\\/\\\/seisson-menuiserie.fr\\\/?p=920#listItem\",\"name\":\"Escalier en ch\\u00eane\"},\"previousItem\":{\"@type\":\"ListItem\",\"@id\":\"https:\\\/\\\/seisson-menuiserie.fr#listItem\",\"name\":\"Home\"}},{\"@type\":\"ListItem\",\"@id\":\"https:\\\/\\\/seisson-menuiserie.fr\\\/?p=920#listItem\",\"position\":3,\"name\":\"Escalier en ch\\u00eane\",\"previousItem\":{\"@type\":\"ListItem\",\"@id\":\"https:\\\/\\\/seisson-menuiserie.fr\\\/?cat=1#listItem\",\"name\":\"Non class\\u00e9\"}}]},{\"@type\":\"Organization\",\"@id\":\"https:\\\/\\\/seisson-menuiserie.fr\\\/#organization\",\"name\":\"Seisson Menuiserie\",\"url\":\"https:\\\/\\\/seisson-menuiserie.fr\\\/\",\"logo\":{\"@type\":\"ImageObject\",\"url\":\"https:\\\/\\\/seisson-menuiserie.fr\\\/wp-content\\\/uploads\\\/2022\\\/10\\\/logo-accueil-1-scaled.jpg\",\"@id\":\"https:\\\/\\\/seisson-menuiserie.fr\\\/?p=920\\\/#organizationLogo\",\"width\":2560,\"height\":731},\"image\":{\"@id\":\"https:\\\/\\\/seisson-menuiserie.fr\\\/?p=920\\\/#organizationLogo\"},\"sameAs\":[\"https:\\\/\\\/www.facebook.com\\\/search\\\/top?q=seissonmenuiserie\",\"https:\\\/\\\/www.instagram.com\\\/seisson_menuiserie\\\/\"]},{\"@type\":\"Person\",\"@id\":\"https:\\\/\\\/seisson-menuiserie.fr\\\/?author=1#author\",\"url\":\"https:\\\/\\\/seisson-menuiserie.fr\\\/?author=1\",\"name\":\"seissoe\",\"image\":{\"@type\":\"ImageObject\",\"@id\":\"https:\\\/\\\/seisson-menuiserie.fr\\\/?p=920#authorImage\",\"url\":\"https:\\\/\\\/secure.gravatar.com\\\/avatar\\\/29f877c9cbab61e3a4ff36126e6b3acabe023bb53c6a2ffefc7ef28300542267?s=96&d=mm&r=g\",\"width\":96,\"height\":96,\"caption\":\"seissoe\"}},{\"@type\":\"WebPage\",\"@id\":\"https:\\\/\\\/seisson-menuiserie.fr\\\/?p=920#webpage\",\"url\":\"https:\\\/\\\/seisson-menuiserie.fr\\\/?p=920\",\"name\":\"Escalier en ch\\u00eane\",\"description\":\"Escalier en ch\\u00eane avec d\\u00e9part en S.Pose entre murs voir d'autres escaliers\",\"inLanguage\":\"fr-FR\",\"isPartOf\":{\"@id\":\"https:\\\/\\\/seisson-menuiserie.fr\\\/#website\"},\"breadcrumb\":{\"@id\":\"https:\\\/\\\/seisson-menuiserie.fr\\\/?p=920#breadcrumblist\"},\"author\":{\"@id\":\"https:\\\/\\\/seisson-menuiserie.fr\\\/?author=1#author\"},\"creator\":{\"@id\":\"https:\\\/\\\/seisson-menuiserie.fr\\\/?author=1#author\"},\"image\":{\"@type\":\"ImageObject\",\"url\":\"https:\\\/\\\/seisson-menuiserie.fr\\\/wp-content\\\/uploads\\\/2024\\\/06\\\/trio-escalier-scaled.jpg\",\"@id\":\"https:\\\/\\\/seisson-menuiserie.fr\\\/?p=920\\\/#mainImage\",\"width\":2560,\"height\":1457},\"primaryImageOfPage\":{\"@id\":\"https:\\\/\\\/seisson-menuiserie.fr\\\/?p=920#mainImage\"},\"datePublished\":\"2024-06-09T17:12:08+02:00\",\"dateModified\":\"2024-06-17T22:51:33+02:00\"},{\"@type\":\"WebSite\",\"@id\":\"https:\\\/\\\/seisson-menuiserie.fr\\\/#website\",\"url\":\"https:\\\/\\\/seisson-menuiserie.fr\\\/\",\"name\":\"Seisson Menuiserie\",\"inLanguage\":\"fr-FR\",\"publisher\":{\"@id\":\"https:\\\/\\\/seisson-menuiserie.fr\\\/#organization\"}}]}\n\t\t<\/script>\n\t\t<!-- All in One SEO -->\n\n","aioseo_head_json":{"title":"Escalier en ch\u00eane","description":"Escalier en ch\u00eane avec d\u00e9part en S.Pose entre murs voir d'autres escaliers","canonical_url":"https:\/\/seisson-menuiserie.fr\/?p=920","robots":"max-image-preview:large","keywords":"","webmasterTools":{"miscellaneous":""},"schema":{"@context":"https:\/\/schema.org","@graph":[{"@type":"BlogPosting","@id":"https:\/\/seisson-menuiserie.fr\/?p=920#blogposting","name":"Escalier en ch\u00eane","headline":"Escalier en ch\u00eane","author":{"@id":"https:\/\/seisson-menuiserie.fr\/?author=1#author"},"publisher":{"@id":"https:\/\/seisson-menuiserie.fr\/#organization"},"image":{"@type":"ImageObject","url":"https:\/\/seisson-menuiserie.fr\/wp-content\/uploads\/2024\/06\/trio-escalier-scaled.jpg","width":2560,"height":1457},"datePublished":"2024-06-09T17:12:08+02:00","dateModified":"2024-06-17T22:51:33+02:00","inLanguage":"fr-FR","mainEntityOfPage":{"@id":"https:\/\/seisson-menuiserie.fr\/?p=920#webpage"},"isPartOf":{"@id":"https:\/\/seisson-menuiserie.fr\/?p=920#webpage"},"articleSection":"Non class\u00e9"},{"@type":"BreadcrumbList","@id":"https:\/\/seisson-menuiserie.fr\/?p=920#breadcrumblist","itemListElement":[{"@type":"ListItem","@id":"https:\/\/seisson-menuiserie.fr#listItem","position":1,"name":"Home","item":"https:\/\/seisson-menuiserie.fr","nextItem":{"@type":"ListItem","@id":"https:\/\/seisson-menuiserie.fr\/?cat=1#listItem","name":"Non class\u00e9"}},{"@type":"ListItem","@id":"https:\/\/seisson-menuiserie.fr\/?cat=1#listItem","position":2,"name":"Non class\u00e9","item":"https:\/\/seisson-menuiserie.fr\/?cat=1","nextItem":{"@type":"ListItem","@id":"https:\/\/seisson-menuiserie.fr\/?p=920#listItem","name":"Escalier en ch\u00eane"},"previousItem":{"@type":"ListItem","@id":"https:\/\/seisson-menuiserie.fr#listItem","name":"Home"}},{"@type":"ListItem","@id":"https:\/\/seisson-menuiserie.fr\/?p=920#listItem","position":3,"name":"Escalier en ch\u00eane","previousItem":{"@type":"ListItem","@id":"https:\/\/seisson-menuiserie.fr\/?cat=1#listItem","name":"Non class\u00e9"}}]},{"@type":"Organization","@id":"https:\/\/seisson-menuiserie.fr\/#organization","name":"Seisson Menuiserie","url":"https:\/\/seisson-menuiserie.fr\/","logo":{"@type":"ImageObject","url":"https:\/\/seisson-menuiserie.fr\/wp-content\/uploads\/2022\/10\/logo-accueil-1-scaled.jpg","@id":"https:\/\/seisson-menuiserie.fr\/?p=920\/#organizationLogo","width":2560,"height":731},"image":{"@id":"https:\/\/seisson-menuiserie.fr\/?p=920\/#organizationLogo"},"sameAs":["https:\/\/www.facebook.com\/search\/top?q=seissonmenuiserie","https:\/\/www.instagram.com\/seisson_menuiserie\/"]},{"@type":"Person","@id":"https:\/\/seisson-menuiserie.fr\/?author=1#author","url":"https:\/\/seisson-menuiserie.fr\/?author=1","name":"seissoe","image":{"@type":"ImageObject","@id":"https:\/\/seisson-menuiserie.fr\/?p=920#authorImage","url":"https:\/\/secure.gravatar.com\/avatar\/29f877c9cbab61e3a4ff36126e6b3acabe023bb53c6a2ffefc7ef28300542267?s=96&d=mm&r=g","width":96,"height":96,"caption":"seissoe"}},{"@type":"WebPage","@id":"https:\/\/seisson-menuiserie.fr\/?p=920#webpage","url":"https:\/\/seisson-menuiserie.fr\/?p=920","name":"Escalier en ch\u00eane","description":"Escalier en ch\u00eane avec d\u00e9part en S.Pose entre murs voir d'autres escaliers","inLanguage":"fr-FR","isPartOf":{"@id":"https:\/\/seisson-menuiserie.fr\/#website"},"breadcrumb":{"@id":"https:\/\/seisson-menuiserie.fr\/?p=920#breadcrumblist"},"author":{"@id":"https:\/\/seisson-menuiserie.fr\/?author=1#author"},"creator":{"@id":"https:\/\/seisson-menuiserie.fr\/?author=1#author"},"image":{"@type":"ImageObject","url":"https:\/\/seisson-menuiserie.fr\/wp-content\/uploads\/2024\/06\/trio-escalier-scaled.jpg","@id":"https:\/\/seisson-menuiserie.fr\/?p=920\/#mainImage","width":2560,"height":1457},"primaryImageOfPage":{"@id":"https:\/\/seisson-menuiserie.fr\/?p=920#mainImage"},"datePublished":"2024-06-09T17:12:08+02:00","dateModified":"2024-06-17T22:51:33+02:00"},{"@type":"WebSite","@id":"https:\/\/seisson-menuiserie.fr\/#website","url":"https:\/\/seisson-menuiserie.fr\/","name":"Seisson Menuiserie","inLanguage":"fr-FR","publisher":{"@id":"https:\/\/seisson-menuiserie.fr\/#organization"}}]},"og:locale":"fr_FR","og:site_name":"Seisson Menuiserie -","og:type":"article","og:title":"Escalier en ch\u00eane","og:description":"Escalier en ch\u00eane avec d\u00e9part en S.Pose entre murs voir d'autres escaliers","og:url":"https:\/\/seisson-menuiserie.fr\/?p=920","og:image":"https:\/\/seisson-menuiserie.fr\/wp-content\/uploads\/2024\/06\/trio-escalier-scaled.jpg","og:image:secure_url":"https:\/\/seisson-menuiserie.fr\/wp-content\/uploads\/2024\/06\/trio-escalier-scaled.jpg","article:published_time":"2024-06-09T15:12:08+00:00","article:modified_time":"2024-06-17T20:51:33+00:00","article:publisher":"https:\/\/www.facebook.com\/search\/top?q=seissonmenuiserie","twitter:card":"summary_large_image","twitter:title":"Escalier en ch\u00eane","twitter:description":"Escalier en ch\u00eane avec d\u00e9part en S.Pose entre murs voir d'autres escaliers","twitter:image":"http:\/\/seisson-menuiserie.fr\/wp-content\/uploads\/2022\/10\/logo-accueil-1-scaled.jpg"},"aioseo_meta_data":{"post_id":"920","title":"#post_title","description":null,"keywords":[],"keyphrases":{"focus":{"keyphrase":"","score":0,"analysis":{"keyphraseInTitle":{"score":0,"maxScore":9,"error":1}}},"additional":[]},"primary_term":null,"canonical_url":null,"og_title":null,"og_description":null,"og_object_type":"default","og_image_type":"featured","og_image_url":"https:\/\/seisson-menuiserie.fr\/wp-content\/uploads\/2024\/06\/trio-escalier-scaled.jpg","og_image_width":"0","og_image_height":"0","og_image_custom_url":null,"og_image_custom_fields":null,"og_video":"","og_custom_url":null,"og_article_section":null,"og_article_tags":[],"twitter_use_og":false,"twitter_card":"default","twitter_image_type":"default","twitter_image_url":null,"twitter_image_custom_url":null,"twitter_image_custom_fields":null,"twitter_title":null,"twitter_description":null,"schema":{"blockGraphs":[],"customGraphs":[],"default":{"data":{"Article":[],"Course":[],"Dataset":[],"FAQPage":[],"Movie":[],"Person":[],"Product":[],"ProductReview":[],"Car":[],"Recipe":[],"Service":[],"SoftwareApplication":[],"WebPage":[]},"graphName":"BlogPosting","isEnabled":true},"graphs":[]},"schema_type":"default","schema_type_options":null,"pillar_content":false,"robots_default":true,"robots_noindex":false,"robots_noarchive":false,"robots_nosnippet":false,"robots_nofollow":false,"robots_noimageindex":false,"robots_noodp":false,"robots_notranslate":false,"robots_max_snippet":"-1","robots_max_videopreview":"-1","robots_max_imagepreview":"large","priority":null,"frequency":"default","local_seo":null,"breadcrumb_settings":null,"limit_modified_date":false,"ai":null,"created":"2024-06-09 15:12:13","updated":"2025-06-04 09:34:30","focus_keyword":null,"additional_keywords":null,"truseo_locale":null,"seo_analyzer_scan_date":null},"aioseo_breadcrumb":"<div class=\"aioseo-breadcrumbs\"><span class=\"aioseo-breadcrumb\">\n\t\t\t<a href=\"https:\/\/seisson-menuiserie.fr\" title=\"Home\">Home<\/a>\n\t\t<\/span><span class=\"aioseo-breadcrumb-separator\">&raquo;<\/span><span class=\"aioseo-breadcrumb\">\n\t\t\t<a href=\"https:\/\/seisson-menuiserie.fr\/?cat=1\" title=\"Non class\u00e9\">Non class\u00e9<\/a>\n\t\t<\/span><span class=\"aioseo-breadcrumb-separator\">&raquo;<\/span><span class=\"aioseo-breadcrumb\">\n\t\t\tEscalier en ch\u00eane\n\t\t<\/span><\/div>","aioseo_breadcrumb_json":[{"label":"Home","link":"https:\/\/seisson-menuiserie.fr"},{"label":"Non class\u00e9","link":"https:\/\/seisson-menuiserie.fr\/?cat=1"},{"label":"Escalier en ch\u00eane","link":"https:\/\/seisson-menuiserie.fr\/?p=920"}],"_links":{"self":[{"href":"https:\/\/seisson-menuiserie.fr\/index.php?rest_route=\/wp\/v2\/posts\/920","targetHints":{"allow":["GET"]}}],"collection":[{"href":"https:\/\/seisson-menuiserie.fr\/index.php?rest_route=\/wp\/v2\/posts"}],"about":[{"href":"https:\/\/seisson-menuiserie.fr\/index.php?rest_route=\/wp\/v2\/types\/post"}],"author":[{"embeddable":true,"href":"https:\/\/seisson-menuiserie.fr\/index.php?rest_route=\/wp\/v2\/users\/1"}],"replies":[{"embeddable":true,"href":"https:\/\/seisson-menuiserie.fr\/index.php?rest_route=%2Fwp%2Fv2%2Fcomments&post=920"}],"version-history":[{"count":1,"href":"https:\/\/seisson-menuiserie.fr\/index.php?rest_route=\/wp\/v2\/posts\/920\/revisions"}],"predecessor-version":[{"id":929,"href":"https:\/\/seisson-menuiserie.fr\/index.php?rest_route=\/wp\/v2\/posts\/920\/revisions\/929"}],"wp:featuredmedia":[{"embeddable":true,"href":"https:\/\/seisson-menuiserie.fr\/index.php?rest_route=\/wp\/v2\/media\/928"}],"wp:attachment":[{"href":"https:\/\/seisson-menuiserie.fr\/index.php?rest_route=%2Fwp%2Fv2%2Fmedia&parent=920"}],"wp:term":[{"taxonomy":"category","embeddable":true,"href":"https:\/\/seisson-menuiserie.fr\/index.php?rest_route=%2Fwp%2Fv2%2Fcategories&post=920"},{"taxonomy":"post_tag","embeddable":true,"href":"https:\/\/seisson-menuiserie.fr\/index.php?rest_route=%2Fwp%2Fv2%2Ftags&post=920"}],"curies":[{"name":"wp","href":"https:\/\/api.w.org\/{rel}","templated":true}]}}