{"id":911,"date":"2024-06-09T16:52:50","date_gmt":"2024-06-09T14:52:50","guid":{"rendered":"https:\/\/seisson-menuiserie.fr\/?p=911"},"modified":"2024-06-17T22:51:51","modified_gmt":"2024-06-17T20:51:51","slug":"creation-dune-porte-fenetre","status":"publish","type":"post","link":"https:\/\/seisson-menuiserie.fr\/?p=911","title":{"rendered":"Cr\u00e9ation d&rsquo;une porte-fen\u00eatre"},"content":{"rendered":"\n<p class=\"wp-block-paragraph\">Modification d&rsquo;une fen\u00eatre en porte-fen\u00eatre dans un ch\u00e2teau savoyard.<\/p>\n\n\n\n<figure class=\"wp-block-gallery has-nested-images columns-3 is-cropped wp-block-gallery-1 is-layout-flex wp-block-gallery-is-layout-flex\">\n<figure class=\"wp-block-image size-large\"><img loading=\"lazy\" decoding=\"async\" width=\"768\" height=\"1024\" data-id=\"916\" src=\"https:\/\/seisson-menuiserie.fr\/wp-content\/uploads\/2024\/06\/PHOTO-2024-05-31-06-21-27-768x1024.jpg\" alt=\"\" class=\"wp-image-916\" srcset=\"https:\/\/seisson-menuiserie.fr\/wp-content\/uploads\/2024\/06\/PHOTO-2024-05-31-06-21-27-768x1024.jpg 768w, https:\/\/seisson-menuiserie.fr\/wp-content\/uploads\/2024\/06\/PHOTO-2024-05-31-06-21-27-225x300.jpg 225w, https:\/\/seisson-menuiserie.fr\/wp-content\/uploads\/2024\/06\/PHOTO-2024-05-31-06-21-27-1152x1536.jpg 1152w, https:\/\/seisson-menuiserie.fr\/wp-content\/uploads\/2024\/06\/PHOTO-2024-05-31-06-21-27-1024x1365.jpg 1024w, https:\/\/seisson-menuiserie.fr\/wp-content\/uploads\/2024\/06\/PHOTO-2024-05-31-06-21-27-810x1080.jpg 810w, https:\/\/seisson-menuiserie.fr\/wp-content\/uploads\/2024\/06\/PHOTO-2024-05-31-06-21-27.jpg 1200w\" sizes=\"auto, (max-width: 768px) 100vw, 768px\" \/><\/figure>\n\n\n\n<figure class=\"wp-block-image size-large\"><img loading=\"lazy\" decoding=\"async\" width=\"768\" height=\"1024\" data-id=\"915\" src=\"https:\/\/seisson-menuiserie.fr\/wp-content\/uploads\/2024\/06\/PHOTO-2024-05-31-06-21-27-5-768x1024.jpg\" alt=\"\" class=\"wp-image-915\" srcset=\"https:\/\/seisson-menuiserie.fr\/wp-content\/uploads\/2024\/06\/PHOTO-2024-05-31-06-21-27-5-768x1024.jpg 768w, https:\/\/seisson-menuiserie.fr\/wp-content\/uploads\/2024\/06\/PHOTO-2024-05-31-06-21-27-5-225x300.jpg 225w, https:\/\/seisson-menuiserie.fr\/wp-content\/uploads\/2024\/06\/PHOTO-2024-05-31-06-21-27-5-1152x1536.jpg 1152w, https:\/\/seisson-menuiserie.fr\/wp-content\/uploads\/2024\/06\/PHOTO-2024-05-31-06-21-27-5-1024x1365.jpg 1024w, https:\/\/seisson-menuiserie.fr\/wp-content\/uploads\/2024\/06\/PHOTO-2024-05-31-06-21-27-5-810x1080.jpg 810w, https:\/\/seisson-menuiserie.fr\/wp-content\/uploads\/2024\/06\/PHOTO-2024-05-31-06-21-27-5.jpg 1200w\" sizes=\"auto, (max-width: 768px) 100vw, 768px\" \/><\/figure>\n\n\n\n<figure class=\"wp-block-image size-large\"><img loading=\"lazy\" decoding=\"async\" width=\"1024\" height=\"768\" data-id=\"914\" src=\"https:\/\/seisson-menuiserie.fr\/wp-content\/uploads\/2024\/06\/PHOTO-2024-05-31-06-21-27-4-1024x768.jpg\" alt=\"\" class=\"wp-image-914\" srcset=\"https:\/\/seisson-menuiserie.fr\/wp-content\/uploads\/2024\/06\/PHOTO-2024-05-31-06-21-27-4-1024x768.jpg 1024w, https:\/\/seisson-menuiserie.fr\/wp-content\/uploads\/2024\/06\/PHOTO-2024-05-31-06-21-27-4-300x225.jpg 300w, https:\/\/seisson-menuiserie.fr\/wp-content\/uploads\/2024\/06\/PHOTO-2024-05-31-06-21-27-4-768x576.jpg 768w, https:\/\/seisson-menuiserie.fr\/wp-content\/uploads\/2024\/06\/PHOTO-2024-05-31-06-21-27-4-1536x1152.jpg 1536w, https:\/\/seisson-menuiserie.fr\/wp-content\/uploads\/2024\/06\/PHOTO-2024-05-31-06-21-27-4-1440x1080.jpg 1440w, https:\/\/seisson-menuiserie.fr\/wp-content\/uploads\/2024\/06\/PHOTO-2024-05-31-06-21-27-4.jpg 1600w\" sizes=\"auto, (max-width: 1024px) 100vw, 1024px\" \/><\/figure>\n\n\n\n<figure class=\"wp-block-image size-large\"><img loading=\"lazy\" decoding=\"async\" width=\"768\" height=\"1024\" data-id=\"913\" src=\"https:\/\/seisson-menuiserie.fr\/wp-content\/uploads\/2024\/06\/PHOTO-2024-05-31-06-21-27-3-768x1024.jpg\" alt=\"\" class=\"wp-image-913\" srcset=\"https:\/\/seisson-menuiserie.fr\/wp-content\/uploads\/2024\/06\/PHOTO-2024-05-31-06-21-27-3-768x1024.jpg 768w, https:\/\/seisson-menuiserie.fr\/wp-content\/uploads\/2024\/06\/PHOTO-2024-05-31-06-21-27-3-225x300.jpg 225w, https:\/\/seisson-menuiserie.fr\/wp-content\/uploads\/2024\/06\/PHOTO-2024-05-31-06-21-27-3-1152x1536.jpg 1152w, https:\/\/seisson-menuiserie.fr\/wp-content\/uploads\/2024\/06\/PHOTO-2024-05-31-06-21-27-3-1024x1365.jpg 1024w, https:\/\/seisson-menuiserie.fr\/wp-content\/uploads\/2024\/06\/PHOTO-2024-05-31-06-21-27-3-810x1080.jpg 810w, https:\/\/seisson-menuiserie.fr\/wp-content\/uploads\/2024\/06\/PHOTO-2024-05-31-06-21-27-3.jpg 1200w\" sizes=\"auto, (max-width: 768px) 100vw, 768px\" \/><\/figure>\n\n\n\n<figure class=\"wp-block-image size-large\"><img loading=\"lazy\" decoding=\"async\" width=\"768\" height=\"1024\" data-id=\"912\" src=\"https:\/\/seisson-menuiserie.fr\/wp-content\/uploads\/2024\/06\/PHOTO-2024-05-31-06-21-27-2-768x1024.jpg\" alt=\"\" class=\"wp-image-912\" srcset=\"https:\/\/seisson-menuiserie.fr\/wp-content\/uploads\/2024\/06\/PHOTO-2024-05-31-06-21-27-2-768x1024.jpg 768w, https:\/\/seisson-menuiserie.fr\/wp-content\/uploads\/2024\/06\/PHOTO-2024-05-31-06-21-27-2-225x300.jpg 225w, https:\/\/seisson-menuiserie.fr\/wp-content\/uploads\/2024\/06\/PHOTO-2024-05-31-06-21-27-2-1152x1536.jpg 1152w, https:\/\/seisson-menuiserie.fr\/wp-content\/uploads\/2024\/06\/PHOTO-2024-05-31-06-21-27-2-1024x1365.jpg 1024w, https:\/\/seisson-menuiserie.fr\/wp-content\/uploads\/2024\/06\/PHOTO-2024-05-31-06-21-27-2-810x1080.jpg 810w, https:\/\/seisson-menuiserie.fr\/wp-content\/uploads\/2024\/06\/PHOTO-2024-05-31-06-21-27-2.jpg 1200w\" sizes=\"auto, (max-width: 768px) 100vw, 768px\" \/><\/figure>\n<\/figure>\n\n\n\n<div class=\"wp-block-buttons is-layout-flex wp-block-buttons-is-layout-flex\">\n<div class=\"wp-block-button\"><a class=\"wp-block-button__link wp-element-button\" href=\"https:\/\/seisson-menuiserie.fr\/?page_id=765\">voir d&rsquo;autres r\u00e9alisations<\/a><\/div>\n<\/div>\n","protected":false},"excerpt":{"rendered":"<p>Modification d&rsquo;une fen\u00eatre en porte-fen\u00eatre dans un ch\u00e2teau savoyard.<\/p>\n","protected":false},"author":1,"featured_media":914,"comment_status":"closed","ping_status":"closed","sticky":false,"template":"","format":"standard","meta":{"om_disable_all_campaigns":false,"_monsterinsights_skip_tracking":false,"_uf_show_specific_survey":0,"_uf_disable_surveys":false,"footnotes":"","_wpscppro_dont_share_socialmedia":false,"_wpscppro_custom_social_share_image":0,"_facebook_share_type":"","_twitter_share_type":"","_linkedin_share_type":"","_pinterest_share_type":"","_linkedin_share_type_page":"","_instagram_share_type":"","_medium_share_type":"","_threads_share_type":"","_google_business_share_type":"","_bluesky_share_type":"","_mastodon_share_type":"","_selected_social_profile":[],"_wpsp_enable_custom_social_template":false,"_wpsp_social_scheduling":{"enabled":false,"datetime":null,"platforms":[],"status":"template_only","dateOption":"today","timeOption":"now","customDays":"","customHours":"","customDate":"","customTime":"","schedulingType":"absolute"},"_wpsp_active_default_template":true},"categories":[1],"tags":[],"class_list":["post-911","post","type-post","status-publish","format-standard","has-post-thumbnail","hentry","category-non-classe"],"aioseo_notices":[],"aioseo_head":"\n\t\t<!-- All in One SEO 5.0.1.1 - aioseo.com -->\n\t<meta name=\"description\" content=\"Modification d&#039;une fen\u00eatre en porte-fen\u00eatre dans un ch\u00e2teau savoyard. voir d&#039;autres r\u00e9alisations\" \/>\n\t<meta name=\"robots\" content=\"max-image-preview:large\" \/>\n\t<meta name=\"author\" content=\"seissoe\"\/>\n\t<link rel=\"canonical\" href=\"https:\/\/seisson-menuiserie.fr\/?p=911\" \/>\n\t<meta name=\"generator\" content=\"All in One SEO (AIOSEO) 5.0.1.1\" \/>\n\t\t<meta property=\"og:locale\" content=\"fr_FR\" \/>\n\t\t<meta property=\"og:site_name\" content=\"Seisson Menuiserie -\" \/>\n\t\t<meta property=\"og:type\" content=\"article\" \/>\n\t\t<meta property=\"og:title\" content=\"Cr\u00e9ation d\u2019une porte-fen\u00eatre\" \/>\n\t\t<meta property=\"og:description\" content=\"Modification d&#039;une fen\u00eatre en porte-fen\u00eatre dans un ch\u00e2teau savoyard. voir d&#039;autres r\u00e9alisations\" \/>\n\t\t<meta property=\"og:url\" content=\"https:\/\/seisson-menuiserie.fr\/?p=911\" \/>\n\t\t<meta property=\"og:image\" content=\"https:\/\/seisson-menuiserie.fr\/wp-content\/uploads\/2024\/06\/PHOTO-2024-05-31-06-21-27-4.jpg\" \/>\n\t\t<meta property=\"og:image:secure_url\" content=\"https:\/\/seisson-menuiserie.fr\/wp-content\/uploads\/2024\/06\/PHOTO-2024-05-31-06-21-27-4.jpg\" \/>\n\t\t<meta property=\"article:published_time\" content=\"2024-06-09T14:52:50+00:00\" \/>\n\t\t<meta property=\"article:modified_time\" content=\"2024-06-17T20:51:51+00:00\" \/>\n\t\t<meta property=\"article:publisher\" content=\"https:\/\/www.facebook.com\/search\/top?q=seissonmenuiserie\" \/>\n\t\t<meta name=\"twitter:card\" content=\"summary_large_image\" \/>\n\t\t<meta name=\"twitter:title\" content=\"Cr\u00e9ation d\u2019une porte-fen\u00eatre\" \/>\n\t\t<meta name=\"twitter:description\" content=\"Modification d&#039;une fen\u00eatre en porte-fen\u00eatre dans un ch\u00e2teau savoyard. voir d&#039;autres r\u00e9alisations\" \/>\n\t\t<meta name=\"twitter:image\" content=\"http:\/\/seisson-menuiserie.fr\/wp-content\/uploads\/2022\/10\/logo-accueil-1-scaled.jpg\" \/>\n\t\t<script type=\"application\/ld+json\" class=\"aioseo-schema\">\n\t\t\t{\"@context\":\"https:\\\/\\\/schema.org\",\"@graph\":[{\"@type\":\"BlogPosting\",\"@id\":\"https:\\\/\\\/seisson-menuiserie.fr\\\/?p=911#blogposting\",\"name\":\"Cr\\u00e9ation d\\u2019une porte-fen\\u00eatre - Seisson Menuiserie\",\"headline\":\"Cr\\u00e9ation d&rsquo;une porte-fen\\u00eatre\",\"author\":{\"@id\":\"https:\\\/\\\/seisson-menuiserie.fr\\\/?author=1#author\"},\"publisher\":{\"@id\":\"https:\\\/\\\/seisson-menuiserie.fr\\\/#organization\"},\"image\":{\"@type\":\"ImageObject\",\"url\":\"https:\\\/\\\/seisson-menuiserie.fr\\\/wp-content\\\/uploads\\\/2024\\\/06\\\/PHOTO-2024-05-31-06-21-27-4.jpg\",\"width\":1600,\"height\":1200},\"datePublished\":\"2024-06-09T16:52:50+02:00\",\"dateModified\":\"2024-06-17T22:51:51+02:00\",\"inLanguage\":\"fr-FR\",\"mainEntityOfPage\":{\"@id\":\"https:\\\/\\\/seisson-menuiserie.fr\\\/?p=911#webpage\"},\"isPartOf\":{\"@id\":\"https:\\\/\\\/seisson-menuiserie.fr\\\/?p=911#webpage\"},\"articleSection\":\"Non class\\u00e9\"},{\"@type\":\"BreadcrumbList\",\"@id\":\"https:\\\/\\\/seisson-menuiserie.fr\\\/?p=911#breadcrumblist\",\"itemListElement\":[{\"@type\":\"ListItem\",\"@id\":\"https:\\\/\\\/seisson-menuiserie.fr#listItem\",\"position\":1,\"name\":\"Home\",\"item\":\"https:\\\/\\\/seisson-menuiserie.fr\",\"nextItem\":{\"@type\":\"ListItem\",\"@id\":\"https:\\\/\\\/seisson-menuiserie.fr\\\/?cat=1#listItem\",\"name\":\"Non class\\u00e9\"}},{\"@type\":\"ListItem\",\"@id\":\"https:\\\/\\\/seisson-menuiserie.fr\\\/?cat=1#listItem\",\"position\":2,\"name\":\"Non class\\u00e9\",\"item\":\"https:\\\/\\\/seisson-menuiserie.fr\\\/?cat=1\",\"nextItem\":{\"@type\":\"ListItem\",\"@id\":\"https:\\\/\\\/seisson-menuiserie.fr\\\/?p=911#listItem\",\"name\":\"Cr\\u00e9ation d&rsquo;une porte-fen\\u00eatre\"},\"previousItem\":{\"@type\":\"ListItem\",\"@id\":\"https:\\\/\\\/seisson-menuiserie.fr#listItem\",\"name\":\"Home\"}},{\"@type\":\"ListItem\",\"@id\":\"https:\\\/\\\/seisson-menuiserie.fr\\\/?p=911#listItem\",\"position\":3,\"name\":\"Cr\\u00e9ation d&rsquo;une porte-fen\\u00eatre\",\"previousItem\":{\"@type\":\"ListItem\",\"@id\":\"https:\\\/\\\/seisson-menuiserie.fr\\\/?cat=1#listItem\",\"name\":\"Non class\\u00e9\"}}]},{\"@type\":\"Organization\",\"@id\":\"https:\\\/\\\/seisson-menuiserie.fr\\\/#organization\",\"name\":\"Seisson Menuiserie\",\"url\":\"https:\\\/\\\/seisson-menuiserie.fr\\\/\",\"logo\":{\"@type\":\"ImageObject\",\"url\":\"https:\\\/\\\/seisson-menuiserie.fr\\\/wp-content\\\/uploads\\\/2022\\\/10\\\/logo-accueil-1-scaled.jpg\",\"@id\":\"https:\\\/\\\/seisson-menuiserie.fr\\\/?p=911\\\/#organizationLogo\",\"width\":2560,\"height\":731},\"image\":{\"@id\":\"https:\\\/\\\/seisson-menuiserie.fr\\\/?p=911\\\/#organizationLogo\"},\"sameAs\":[\"https:\\\/\\\/www.facebook.com\\\/search\\\/top?q=seissonmenuiserie\",\"https:\\\/\\\/www.instagram.com\\\/seisson_menuiserie\\\/\"]},{\"@type\":\"Person\",\"@id\":\"https:\\\/\\\/seisson-menuiserie.fr\\\/?author=1#author\",\"url\":\"https:\\\/\\\/seisson-menuiserie.fr\\\/?author=1\",\"name\":\"seissoe\",\"image\":{\"@type\":\"ImageObject\",\"@id\":\"https:\\\/\\\/seisson-menuiserie.fr\\\/?p=911#authorImage\",\"url\":\"https:\\\/\\\/secure.gravatar.com\\\/avatar\\\/29f877c9cbab61e3a4ff36126e6b3acabe023bb53c6a2ffefc7ef28300542267?s=96&d=mm&r=g\",\"width\":96,\"height\":96,\"caption\":\"seissoe\"}},{\"@type\":\"WebPage\",\"@id\":\"https:\\\/\\\/seisson-menuiserie.fr\\\/?p=911#webpage\",\"url\":\"https:\\\/\\\/seisson-menuiserie.fr\\\/?p=911\",\"name\":\"Cr\\u00e9ation d\\u2019une porte-fen\\u00eatre - Seisson Menuiserie\",\"description\":\"Modification d'une fen\\u00eatre en porte-fen\\u00eatre dans un ch\\u00e2teau savoyard. voir d'autres r\\u00e9alisations\",\"inLanguage\":\"fr-FR\",\"isPartOf\":{\"@id\":\"https:\\\/\\\/seisson-menuiserie.fr\\\/#website\"},\"breadcrumb\":{\"@id\":\"https:\\\/\\\/seisson-menuiserie.fr\\\/?p=911#breadcrumblist\"},\"author\":{\"@id\":\"https:\\\/\\\/seisson-menuiserie.fr\\\/?author=1#author\"},\"creator\":{\"@id\":\"https:\\\/\\\/seisson-menuiserie.fr\\\/?author=1#author\"},\"image\":{\"@type\":\"ImageObject\",\"url\":\"https:\\\/\\\/seisson-menuiserie.fr\\\/wp-content\\\/uploads\\\/2024\\\/06\\\/PHOTO-2024-05-31-06-21-27-4.jpg\",\"@id\":\"https:\\\/\\\/seisson-menuiserie.fr\\\/?p=911\\\/#mainImage\",\"width\":1600,\"height\":1200},\"primaryImageOfPage\":{\"@id\":\"https:\\\/\\\/seisson-menuiserie.fr\\\/?p=911#mainImage\"},\"datePublished\":\"2024-06-09T16:52:50+02:00\",\"dateModified\":\"2024-06-17T22:51:51+02:00\"},{\"@type\":\"WebSite\",\"@id\":\"https:\\\/\\\/seisson-menuiserie.fr\\\/#website\",\"url\":\"https:\\\/\\\/seisson-menuiserie.fr\\\/\",\"name\":\"Seisson Menuiserie\",\"inLanguage\":\"fr-FR\",\"publisher\":{\"@id\":\"https:\\\/\\\/seisson-menuiserie.fr\\\/#organization\"}}]}\n\t\t<\/script>\n\t\t<!-- All in One SEO -->\n\n","aioseo_head_json":{"title":"Cr\u00e9ation d\u2019une porte-fen\u00eatre - Seisson Menuiserie","description":"Modification d'une fen\u00eatre en porte-fen\u00eatre dans un ch\u00e2teau savoyard. voir d'autres r\u00e9alisations","canonical_url":"https:\/\/seisson-menuiserie.fr\/?p=911","robots":"max-image-preview:large","keywords":"","webmasterTools":{"miscellaneous":""},"schema":{"@context":"https:\/\/schema.org","@graph":[{"@type":"BlogPosting","@id":"https:\/\/seisson-menuiserie.fr\/?p=911#blogposting","name":"Cr\u00e9ation d\u2019une porte-fen\u00eatre - Seisson Menuiserie","headline":"Cr\u00e9ation d&rsquo;une porte-fen\u00eatre","author":{"@id":"https:\/\/seisson-menuiserie.fr\/?author=1#author"},"publisher":{"@id":"https:\/\/seisson-menuiserie.fr\/#organization"},"image":{"@type":"ImageObject","url":"https:\/\/seisson-menuiserie.fr\/wp-content\/uploads\/2024\/06\/PHOTO-2024-05-31-06-21-27-4.jpg","width":1600,"height":1200},"datePublished":"2024-06-09T16:52:50+02:00","dateModified":"2024-06-17T22:51:51+02:00","inLanguage":"fr-FR","mainEntityOfPage":{"@id":"https:\/\/seisson-menuiserie.fr\/?p=911#webpage"},"isPartOf":{"@id":"https:\/\/seisson-menuiserie.fr\/?p=911#webpage"},"articleSection":"Non class\u00e9"},{"@type":"BreadcrumbList","@id":"https:\/\/seisson-menuiserie.fr\/?p=911#breadcrumblist","itemListElement":[{"@type":"ListItem","@id":"https:\/\/seisson-menuiserie.fr#listItem","position":1,"name":"Home","item":"https:\/\/seisson-menuiserie.fr","nextItem":{"@type":"ListItem","@id":"https:\/\/seisson-menuiserie.fr\/?cat=1#listItem","name":"Non class\u00e9"}},{"@type":"ListItem","@id":"https:\/\/seisson-menuiserie.fr\/?cat=1#listItem","position":2,"name":"Non class\u00e9","item":"https:\/\/seisson-menuiserie.fr\/?cat=1","nextItem":{"@type":"ListItem","@id":"https:\/\/seisson-menuiserie.fr\/?p=911#listItem","name":"Cr\u00e9ation d&rsquo;une porte-fen\u00eatre"},"previousItem":{"@type":"ListItem","@id":"https:\/\/seisson-menuiserie.fr#listItem","name":"Home"}},{"@type":"ListItem","@id":"https:\/\/seisson-menuiserie.fr\/?p=911#listItem","position":3,"name":"Cr\u00e9ation d&rsquo;une porte-fen\u00eatre","previousItem":{"@type":"ListItem","@id":"https:\/\/seisson-menuiserie.fr\/?cat=1#listItem","name":"Non class\u00e9"}}]},{"@type":"Organization","@id":"https:\/\/seisson-menuiserie.fr\/#organization","name":"Seisson Menuiserie","url":"https:\/\/seisson-menuiserie.fr\/","logo":{"@type":"ImageObject","url":"https:\/\/seisson-menuiserie.fr\/wp-content\/uploads\/2022\/10\/logo-accueil-1-scaled.jpg","@id":"https:\/\/seisson-menuiserie.fr\/?p=911\/#organizationLogo","width":2560,"height":731},"image":{"@id":"https:\/\/seisson-menuiserie.fr\/?p=911\/#organizationLogo"},"sameAs":["https:\/\/www.facebook.com\/search\/top?q=seissonmenuiserie","https:\/\/www.instagram.com\/seisson_menuiserie\/"]},{"@type":"Person","@id":"https:\/\/seisson-menuiserie.fr\/?author=1#author","url":"https:\/\/seisson-menuiserie.fr\/?author=1","name":"seissoe","image":{"@type":"ImageObject","@id":"https:\/\/seisson-menuiserie.fr\/?p=911#authorImage","url":"https:\/\/secure.gravatar.com\/avatar\/29f877c9cbab61e3a4ff36126e6b3acabe023bb53c6a2ffefc7ef28300542267?s=96&d=mm&r=g","width":96,"height":96,"caption":"seissoe"}},{"@type":"WebPage","@id":"https:\/\/seisson-menuiserie.fr\/?p=911#webpage","url":"https:\/\/seisson-menuiserie.fr\/?p=911","name":"Cr\u00e9ation d\u2019une porte-fen\u00eatre - Seisson Menuiserie","description":"Modification d'une fen\u00eatre en porte-fen\u00eatre dans un ch\u00e2teau savoyard. voir d'autres r\u00e9alisations","inLanguage":"fr-FR","isPartOf":{"@id":"https:\/\/seisson-menuiserie.fr\/#website"},"breadcrumb":{"@id":"https:\/\/seisson-menuiserie.fr\/?p=911#breadcrumblist"},"author":{"@id":"https:\/\/seisson-menuiserie.fr\/?author=1#author"},"creator":{"@id":"https:\/\/seisson-menuiserie.fr\/?author=1#author"},"image":{"@type":"ImageObject","url":"https:\/\/seisson-menuiserie.fr\/wp-content\/uploads\/2024\/06\/PHOTO-2024-05-31-06-21-27-4.jpg","@id":"https:\/\/seisson-menuiserie.fr\/?p=911\/#mainImage","width":1600,"height":1200},"primaryImageOfPage":{"@id":"https:\/\/seisson-menuiserie.fr\/?p=911#mainImage"},"datePublished":"2024-06-09T16:52:50+02:00","dateModified":"2024-06-17T22:51:51+02:00"},{"@type":"WebSite","@id":"https:\/\/seisson-menuiserie.fr\/#website","url":"https:\/\/seisson-menuiserie.fr\/","name":"Seisson Menuiserie","inLanguage":"fr-FR","publisher":{"@id":"https:\/\/seisson-menuiserie.fr\/#organization"}}]},"og:locale":"fr_FR","og:site_name":"Seisson Menuiserie -","og:type":"article","og:title":"Cr\u00e9ation d\u2019une porte-fen\u00eatre","og:description":"Modification d'une fen\u00eatre en porte-fen\u00eatre dans un ch\u00e2teau savoyard. voir d'autres r\u00e9alisations","og:url":"https:\/\/seisson-menuiserie.fr\/?p=911","og:image":"https:\/\/seisson-menuiserie.fr\/wp-content\/uploads\/2024\/06\/PHOTO-2024-05-31-06-21-27-4.jpg","og:image:secure_url":"https:\/\/seisson-menuiserie.fr\/wp-content\/uploads\/2024\/06\/PHOTO-2024-05-31-06-21-27-4.jpg","article:published_time":"2024-06-09T14:52:50+00:00","article:modified_time":"2024-06-17T20:51:51+00:00","article:publisher":"https:\/\/www.facebook.com\/search\/top?q=seissonmenuiserie","twitter:card":"summary_large_image","twitter:title":"Cr\u00e9ation d\u2019une porte-fen\u00eatre","twitter:description":"Modification d'une fen\u00eatre en porte-fen\u00eatre dans un ch\u00e2teau savoyard. voir d'autres r\u00e9alisations","twitter:image":"http:\/\/seisson-menuiserie.fr\/wp-content\/uploads\/2022\/10\/logo-accueil-1-scaled.jpg"},"aioseo_meta_data":{"post_id":"911","title":null,"description":null,"keywords":[],"keyphrases":{"focus":{"keyphrase":"","score":0,"analysis":{"keyphraseInTitle":{"score":0,"maxScore":9,"error":1}}},"additional":[]},"primary_term":null,"canonical_url":null,"og_title":"#post_title","og_description":null,"og_object_type":"default","og_image_type":"featured","og_image_url":"https:\/\/seisson-menuiserie.fr\/wp-content\/uploads\/2024\/06\/PHOTO-2024-05-31-06-21-27-4.jpg","og_image_width":"0","og_image_height":"0","og_image_custom_url":null,"og_image_custom_fields":null,"og_video":"","og_custom_url":null,"og_article_section":null,"og_article_tags":[],"twitter_use_og":false,"twitter_card":"default","twitter_image_type":"default","twitter_image_url":null,"twitter_image_custom_url":null,"twitter_image_custom_fields":null,"twitter_title":null,"twitter_description":null,"schema":{"blockGraphs":[],"customGraphs":[],"default":{"data":{"Article":[],"Course":[],"Dataset":[],"FAQPage":[],"Movie":[],"Person":[],"Product":[],"ProductReview":[],"Car":[],"Recipe":[],"Service":[],"SoftwareApplication":[],"WebPage":[]},"graphName":"BlogPosting","isEnabled":true},"graphs":[]},"schema_type":"default","schema_type_options":null,"pillar_content":false,"robots_default":true,"robots_noindex":false,"robots_noarchive":false,"robots_nosnippet":false,"robots_nofollow":false,"robots_noimageindex":false,"robots_noodp":false,"robots_notranslate":false,"robots_max_snippet":"-1","robots_max_videopreview":"-1","robots_max_imagepreview":"large","priority":null,"frequency":"default","local_seo":null,"breadcrumb_settings":null,"limit_modified_date":false,"ai":null,"created":"2024-06-09 14:52:54","updated":"2025-06-04 09:34:30","focus_keyword":null,"additional_keywords":null,"truseo_locale":null,"seo_analyzer_scan_date":null},"aioseo_breadcrumb":"<div class=\"aioseo-breadcrumbs\"><span class=\"aioseo-breadcrumb\">\n\t\t\t<a href=\"https:\/\/seisson-menuiserie.fr\" title=\"Home\">Home<\/a>\n\t\t<\/span><span class=\"aioseo-breadcrumb-separator\">&raquo;<\/span><span class=\"aioseo-breadcrumb\">\n\t\t\t<a href=\"https:\/\/seisson-menuiserie.fr\/?cat=1\" title=\"Non class\u00e9\">Non class\u00e9<\/a>\n\t\t<\/span><span class=\"aioseo-breadcrumb-separator\">&raquo;<\/span><span class=\"aioseo-breadcrumb\">\n\t\t\tCr\u00e9ation d\u2019une porte-fen\u00eatre\n\t\t<\/span><\/div>","aioseo_breadcrumb_json":[{"label":"Home","link":"https:\/\/seisson-menuiserie.fr"},{"label":"Non class\u00e9","link":"https:\/\/seisson-menuiserie.fr\/?cat=1"},{"label":"Cr\u00e9ation d&rsquo;une porte-fen\u00eatre","link":"https:\/\/seisson-menuiserie.fr\/?p=911"}],"_links":{"self":[{"href":"https:\/\/seisson-menuiserie.fr\/index.php?rest_route=\/wp\/v2\/posts\/911","targetHints":{"allow":["GET"]}}],"collection":[{"href":"https:\/\/seisson-menuiserie.fr\/index.php?rest_route=\/wp\/v2\/posts"}],"about":[{"href":"https:\/\/seisson-menuiserie.fr\/index.php?rest_route=\/wp\/v2\/types\/post"}],"author":[{"embeddable":true,"href":"https:\/\/seisson-menuiserie.fr\/index.php?rest_route=\/wp\/v2\/users\/1"}],"replies":[{"embeddable":true,"href":"https:\/\/seisson-menuiserie.fr\/index.php?rest_route=%2Fwp%2Fv2%2Fcomments&post=911"}],"version-history":[{"count":1,"href":"https:\/\/seisson-menuiserie.fr\/index.php?rest_route=\/wp\/v2\/posts\/911\/revisions"}],"predecessor-version":[{"id":917,"href":"https:\/\/seisson-menuiserie.fr\/index.php?rest_route=\/wp\/v2\/posts\/911\/revisions\/917"}],"wp:featuredmedia":[{"embeddable":true,"href":"https:\/\/seisson-menuiserie.fr\/index.php?rest_route=\/wp\/v2\/media\/914"}],"wp:attachment":[{"href":"https:\/\/seisson-menuiserie.fr\/index.php?rest_route=%2Fwp%2Fv2%2Fmedia&parent=911"}],"wp:term":[{"taxonomy":"category","embeddable":true,"href":"https:\/\/seisson-menuiserie.fr\/index.php?rest_route=%2Fwp%2Fv2%2Fcategories&post=911"},{"taxonomy":"post_tag","embeddable":true,"href":"https:\/\/seisson-menuiserie.fr\/index.php?rest_route=%2Fwp%2Fv2%2Ftags&post=911"}],"curies":[{"name":"wp","href":"https:\/\/api.w.org\/{rel}","templated":true}]}}