{"id":586,"date":"2023-02-08T19:07:17","date_gmt":"2023-02-08T18:07:17","guid":{"rendered":"http:\/\/seisson-menuiserie.fr\/?p=586"},"modified":"2023-02-08T19:08:01","modified_gmt":"2023-02-08T18:08:01","slug":"retour-sur-le-20e-trophee-des-artisans-du-patrimoine-et-de-lenvironnement","status":"publish","type":"post","link":"https:\/\/seisson-menuiserie.fr\/?p=586","title":{"rendered":"Retour sur le 20e troph\u00e9e des artisans du patrimoine et de l&rsquo;environnement"},"content":{"rendered":"\n<p class=\"wp-block-paragraph\">Un concours de r\u00e9f\u00e9rence pour valoriser le savoir-faire et le talent des artisans de la r\u00e9gion, qui permet de souligner leur implication dans la pr\u00e9servation et la mise en valeur du patrimoine ancien, garant de notre h\u00e9ritage historique et culturel, dans le respect de l\u2019environnement et des styles r\u00e9gionaux.<\/p>\n\n\n\n<p class=\"wp-block-paragraph\"><strong>Prix Sp\u00e9cial du Jury<\/strong> remport\u00e9 par Alain Seisson <br>Prix laiss\u00e9 \u00e0 la libre appr\u00e9ciation du jury de vouloir r\u00e9compenser une entreprise artisanale qui a montr\u00e9 des qualit\u00e9s exceptionnelles sans pour autant r\u00e9pondre \u00e0 une cat\u00e9gorie particuli\u00e8re.<\/p>\n\n\n\n<figure class=\"wp-block-pullquote\"><blockquote><p>Portrait d&rsquo;Alain Seisson <\/p><cite>Troph\u00e9es des artisans du patrimoine et de l&rsquo;environnement<\/cite><\/blockquote><\/figure>\n\n\n\n<figure class=\"wp-block-embed is-type-video is-provider-youtube wp-block-embed-youtube wp-embed-aspect-16-9 wp-has-aspect-ratio\"><div class=\"wp-block-embed__wrapper\">\n<div class='embed-container'><iframe loading=\"lazy\" title=\"20es Troph\u00e9es des Artisans du Patrimoine et l&#039;Environnement - Portrait Seisson Menuiserie\" width=\"1920\" height=\"1080\" src=\"https:\/\/www.youtube.com\/embed\/qZPo_GN69YE?feature=oembed\" frameborder=\"0\" allow=\"accelerometer; autoplay; clipboard-write; encrypted-media; gyroscope; picture-in-picture; web-share\" allowfullscreen><\/iframe><\/div>\n<\/div><\/figure>\n\n\n\n<p class=\"wp-block-paragraph\"><\/p>\n\n\n\n<figure class=\"wp-block-pullquote\"><blockquote><p>R\u00e9sum\u00e9 de la 20e \u00e9dition<\/p><cite>Troph\u00e9es des artisans du patrimoine et de l&rsquo;environnement<\/cite><\/blockquote><\/figure>\n\n\n\n<figure class=\"wp-block-embed is-type-video is-provider-youtube wp-block-embed-youtube wp-embed-aspect-16-9 wp-has-aspect-ratio\"><div class=\"wp-block-embed__wrapper\">\n<div class='embed-container'><iframe loading=\"lazy\" title=\"20es Troph\u00e9es des Artisans du Patrimoine et l&#039;Environnement - C\u00e9r\u00e9monie\" width=\"1920\" height=\"1080\" src=\"https:\/\/www.youtube.com\/embed\/x_BUe6auITE?feature=oembed\" frameborder=\"0\" allow=\"accelerometer; autoplay; clipboard-write; encrypted-media; gyroscope; picture-in-picture; web-share\" allowfullscreen><\/iframe><\/div>\n<\/div><\/figure>\n","protected":false},"excerpt":{"rendered":"<p>Un concours de r\u00e9f\u00e9rence pour valoriser le savoir-faire et le talent des artisans de la r\u00e9gion, qui permet de souligner leur implication dans la pr\u00e9servation et la mise en valeur du patrimoine ancien, garant de notre h\u00e9ritage historique et culturel, dans le respect de l\u2019environnement et des styles r\u00e9gionaux. Prix Sp\u00e9cial du Jury remport\u00e9 par&hellip; <br \/> <a class=\"read-more\" href=\"https:\/\/seisson-menuiserie.fr\/?p=586\">Lire la suite<\/a><\/p>\n","protected":false},"author":1,"featured_media":588,"comment_status":"closed","ping_status":"closed","sticky":false,"template":"","format":"standard","meta":{"om_disable_all_campaigns":false,"_monsterinsights_skip_tracking":false,"_uf_show_specific_survey":0,"_uf_disable_surveys":false,"footnotes":"","_wpscppro_dont_share_socialmedia":false,"_wpscppro_custom_social_share_image":0,"_facebook_share_type":"","_twitter_share_type":"","_linkedin_share_type":"","_pinterest_share_type":"","_linkedin_share_type_page":"","_instagram_share_type":"","_medium_share_type":"","_threads_share_type":"","_google_business_share_type":"","_bluesky_share_type":"","_mastodon_share_type":"","_selected_social_profile":[],"_wpsp_enable_custom_social_template":false,"_wpsp_social_scheduling":{"enabled":false,"datetime":null,"platforms":[],"status":"template_only","dateOption":"today","timeOption":"now","customDays":"","customHours":"","customDate":"","customTime":"","schedulingType":"absolute"},"_wpsp_active_default_template":true},"categories":[1],"tags":[],"class_list":["post-586","post","type-post","status-publish","format-standard","has-post-thumbnail","hentry","category-non-classe"],"aioseo_notices":[],"aioseo_head":"\n\t\t<!-- All in One SEO 5.0.1.1 - aioseo.com -->\n\t<meta name=\"description\" content=\"Un concours de r\u00e9f\u00e9rence pour valoriser le savoir-faire et le talent des artisans de la r\u00e9gion, qui permet de souligner leur implication dans la pr\u00e9servation et la mise en valeur du patrimoine ancien, garant de notre h\u00e9ritage historique et culturel, dans le respect de l\u2019environnement et des styles r\u00e9gionaux. Prix Sp\u00e9cial du Jury remport\u00e9 par\" \/>\n\t<meta name=\"robots\" content=\"max-image-preview:large\" \/>\n\t<meta name=\"author\" content=\"seissoe\"\/>\n\t<link rel=\"canonical\" href=\"https:\/\/seisson-menuiserie.fr\/?p=586\" \/>\n\t<meta name=\"generator\" content=\"All in One SEO (AIOSEO) 5.0.1.1\" \/>\n\t\t<meta property=\"og:locale\" content=\"fr_FR\" \/>\n\t\t<meta property=\"og:site_name\" content=\"Seisson Menuiserie -\" \/>\n\t\t<meta property=\"og:type\" content=\"article\" \/>\n\t\t<meta property=\"og:title\" content=\"Retour sur le 20e troph\u00e9e des artisans du patrimoine et de l\u2019environnement - Seisson Menuiserie\" \/>\n\t\t<meta property=\"og:description\" content=\"Un concours de r\u00e9f\u00e9rence pour valoriser le savoir-faire et le talent des artisans de la r\u00e9gion, qui permet de souligner leur implication dans la pr\u00e9servation et la mise en valeur du patrimoine ancien, garant de notre h\u00e9ritage historique et culturel, dans le respect de l\u2019environnement et des styles r\u00e9gionaux. Prix Sp\u00e9cial du Jury remport\u00e9 par\" \/>\n\t\t<meta property=\"og:url\" content=\"https:\/\/seisson-menuiserie.fr\/?p=586\" \/>\n\t\t<meta property=\"og:image\" content=\"https:\/\/seisson-menuiserie.fr\/wp-content\/uploads\/2023\/02\/Capture-decran-2023-02-08-a-18.58.44.png\" \/>\n\t\t<meta property=\"og:image:secure_url\" content=\"https:\/\/seisson-menuiserie.fr\/wp-content\/uploads\/2023\/02\/Capture-decran-2023-02-08-a-18.58.44.png\" \/>\n\t\t<meta property=\"og:image:width\" content=\"3064\" \/>\n\t\t<meta property=\"og:image:height\" content=\"1590\" \/>\n\t\t<meta property=\"article:published_time\" content=\"2023-02-08T18:07:17+00:00\" \/>\n\t\t<meta property=\"article:modified_time\" content=\"2023-02-08T18:08:01+00:00\" \/>\n\t\t<meta property=\"article:publisher\" content=\"https:\/\/www.facebook.com\/search\/top?q=seissonmenuiserie\" \/>\n\t\t<meta name=\"twitter:card\" content=\"summary_large_image\" \/>\n\t\t<meta name=\"twitter:title\" content=\"Retour sur le 20e troph\u00e9e des artisans du patrimoine et de l\u2019environnement - Seisson Menuiserie\" \/>\n\t\t<meta name=\"twitter:description\" content=\"Un concours de r\u00e9f\u00e9rence pour valoriser le savoir-faire et le talent des artisans de la r\u00e9gion, qui permet de souligner leur implication dans la pr\u00e9servation et la mise en valeur du patrimoine ancien, garant de notre h\u00e9ritage historique et culturel, dans le respect de l\u2019environnement et des styles r\u00e9gionaux. Prix Sp\u00e9cial du Jury remport\u00e9 par\" \/>\n\t\t<meta name=\"twitter:image\" content=\"http:\/\/seisson-menuiserie.fr\/wp-content\/uploads\/2022\/10\/logo-accueil-1-scaled.jpg\" \/>\n\t\t<script type=\"application\/ld+json\" class=\"aioseo-schema\">\n\t\t\t{\"@context\":\"https:\\\/\\\/schema.org\",\"@graph\":[{\"@type\":\"BlogPosting\",\"@id\":\"https:\\\/\\\/seisson-menuiserie.fr\\\/?p=586#blogposting\",\"name\":\"Retour sur le 20e troph\\u00e9e des artisans du patrimoine et de l\\u2019environnement - Seisson Menuiserie\",\"headline\":\"Retour sur le 20e troph\\u00e9e des artisans du patrimoine et de l&rsquo;environnement\",\"author\":{\"@id\":\"https:\\\/\\\/seisson-menuiserie.fr\\\/?author=1#author\"},\"publisher\":{\"@id\":\"https:\\\/\\\/seisson-menuiserie.fr\\\/#organization\"},\"image\":{\"@type\":\"ImageObject\",\"url\":\"https:\\\/\\\/seisson-menuiserie.fr\\\/wp-content\\\/uploads\\\/2023\\\/02\\\/Capture-decran-2023-02-08-a-18.58.44.png\",\"width\":3064,\"height\":1590},\"datePublished\":\"2023-02-08T19:07:17+01:00\",\"dateModified\":\"2023-02-08T19:08:01+01:00\",\"inLanguage\":\"fr-FR\",\"mainEntityOfPage\":{\"@id\":\"https:\\\/\\\/seisson-menuiserie.fr\\\/?p=586#webpage\"},\"isPartOf\":{\"@id\":\"https:\\\/\\\/seisson-menuiserie.fr\\\/?p=586#webpage\"},\"articleSection\":\"Non class\\u00e9\"},{\"@type\":\"BreadcrumbList\",\"@id\":\"https:\\\/\\\/seisson-menuiserie.fr\\\/?p=586#breadcrumblist\",\"itemListElement\":[{\"@type\":\"ListItem\",\"@id\":\"https:\\\/\\\/seisson-menuiserie.fr#listItem\",\"position\":1,\"name\":\"Home\",\"item\":\"https:\\\/\\\/seisson-menuiserie.fr\",\"nextItem\":{\"@type\":\"ListItem\",\"@id\":\"https:\\\/\\\/seisson-menuiserie.fr\\\/?cat=1#listItem\",\"name\":\"Non class\\u00e9\"}},{\"@type\":\"ListItem\",\"@id\":\"https:\\\/\\\/seisson-menuiserie.fr\\\/?cat=1#listItem\",\"position\":2,\"name\":\"Non class\\u00e9\",\"item\":\"https:\\\/\\\/seisson-menuiserie.fr\\\/?cat=1\",\"nextItem\":{\"@type\":\"ListItem\",\"@id\":\"https:\\\/\\\/seisson-menuiserie.fr\\\/?p=586#listItem\",\"name\":\"Retour sur le 20e troph\\u00e9e des artisans du patrimoine et de l&rsquo;environnement\"},\"previousItem\":{\"@type\":\"ListItem\",\"@id\":\"https:\\\/\\\/seisson-menuiserie.fr#listItem\",\"name\":\"Home\"}},{\"@type\":\"ListItem\",\"@id\":\"https:\\\/\\\/seisson-menuiserie.fr\\\/?p=586#listItem\",\"position\":3,\"name\":\"Retour sur le 20e troph\\u00e9e des artisans du patrimoine et de l&rsquo;environnement\",\"previousItem\":{\"@type\":\"ListItem\",\"@id\":\"https:\\\/\\\/seisson-menuiserie.fr\\\/?cat=1#listItem\",\"name\":\"Non class\\u00e9\"}}]},{\"@type\":\"Organization\",\"@id\":\"https:\\\/\\\/seisson-menuiserie.fr\\\/#organization\",\"name\":\"Seisson Menuiserie\",\"url\":\"https:\\\/\\\/seisson-menuiserie.fr\\\/\",\"logo\":{\"@type\":\"ImageObject\",\"url\":\"https:\\\/\\\/seisson-menuiserie.fr\\\/wp-content\\\/uploads\\\/2022\\\/10\\\/logo-accueil-1-scaled.jpg\",\"@id\":\"https:\\\/\\\/seisson-menuiserie.fr\\\/?p=586\\\/#organizationLogo\",\"width\":2560,\"height\":731},\"image\":{\"@id\":\"https:\\\/\\\/seisson-menuiserie.fr\\\/?p=586\\\/#organizationLogo\"},\"sameAs\":[\"https:\\\/\\\/www.facebook.com\\\/search\\\/top?q=seissonmenuiserie\",\"https:\\\/\\\/www.instagram.com\\\/seisson_menuiserie\\\/\"]},{\"@type\":\"Person\",\"@id\":\"https:\\\/\\\/seisson-menuiserie.fr\\\/?author=1#author\",\"url\":\"https:\\\/\\\/seisson-menuiserie.fr\\\/?author=1\",\"name\":\"seissoe\",\"image\":{\"@type\":\"ImageObject\",\"@id\":\"https:\\\/\\\/seisson-menuiserie.fr\\\/?p=586#authorImage\",\"url\":\"https:\\\/\\\/secure.gravatar.com\\\/avatar\\\/29f877c9cbab61e3a4ff36126e6b3acabe023bb53c6a2ffefc7ef28300542267?s=96&d=mm&r=g\",\"width\":96,\"height\":96,\"caption\":\"seissoe\"}},{\"@type\":\"WebPage\",\"@id\":\"https:\\\/\\\/seisson-menuiserie.fr\\\/?p=586#webpage\",\"url\":\"https:\\\/\\\/seisson-menuiserie.fr\\\/?p=586\",\"name\":\"Retour sur le 20e troph\\u00e9e des artisans du patrimoine et de l\\u2019environnement - Seisson Menuiserie\",\"description\":\"Un concours de r\\u00e9f\\u00e9rence pour valoriser le savoir-faire et le talent des artisans de la r\\u00e9gion, qui permet de souligner leur implication dans la pr\\u00e9servation et la mise en valeur du patrimoine ancien, garant de notre h\\u00e9ritage historique et culturel, dans le respect de l\\u2019environnement et des styles r\\u00e9gionaux. Prix Sp\\u00e9cial du Jury remport\\u00e9 par\",\"inLanguage\":\"fr-FR\",\"isPartOf\":{\"@id\":\"https:\\\/\\\/seisson-menuiserie.fr\\\/#website\"},\"breadcrumb\":{\"@id\":\"https:\\\/\\\/seisson-menuiserie.fr\\\/?p=586#breadcrumblist\"},\"author\":{\"@id\":\"https:\\\/\\\/seisson-menuiserie.fr\\\/?author=1#author\"},\"creator\":{\"@id\":\"https:\\\/\\\/seisson-menuiserie.fr\\\/?author=1#author\"},\"image\":{\"@type\":\"ImageObject\",\"url\":\"https:\\\/\\\/seisson-menuiserie.fr\\\/wp-content\\\/uploads\\\/2023\\\/02\\\/Capture-decran-2023-02-08-a-18.58.44.png\",\"@id\":\"https:\\\/\\\/seisson-menuiserie.fr\\\/?p=586\\\/#mainImage\",\"width\":3064,\"height\":1590},\"primaryImageOfPage\":{\"@id\":\"https:\\\/\\\/seisson-menuiserie.fr\\\/?p=586#mainImage\"},\"datePublished\":\"2023-02-08T19:07:17+01:00\",\"dateModified\":\"2023-02-08T19:08:01+01:00\"},{\"@type\":\"WebSite\",\"@id\":\"https:\\\/\\\/seisson-menuiserie.fr\\\/#website\",\"url\":\"https:\\\/\\\/seisson-menuiserie.fr\\\/\",\"name\":\"Seisson Menuiserie\",\"inLanguage\":\"fr-FR\",\"publisher\":{\"@id\":\"https:\\\/\\\/seisson-menuiserie.fr\\\/#organization\"}}]}\n\t\t<\/script>\n\t\t<!-- All in One SEO -->\n\n","aioseo_head_json":{"title":"Retour sur le 20e troph\u00e9e des artisans du patrimoine et de l\u2019environnement - Seisson Menuiserie","description":"Un concours de r\u00e9f\u00e9rence pour valoriser le savoir-faire et le talent des artisans de la r\u00e9gion, qui permet de souligner leur implication dans la pr\u00e9servation et la mise en valeur du patrimoine ancien, garant de notre h\u00e9ritage historique et culturel, dans le respect de l\u2019environnement et des styles r\u00e9gionaux. Prix Sp\u00e9cial du Jury remport\u00e9 par","canonical_url":"https:\/\/seisson-menuiserie.fr\/?p=586","robots":"max-image-preview:large","keywords":"","webmasterTools":{"miscellaneous":""},"schema":{"@context":"https:\/\/schema.org","@graph":[{"@type":"BlogPosting","@id":"https:\/\/seisson-menuiserie.fr\/?p=586#blogposting","name":"Retour sur le 20e troph\u00e9e des artisans du patrimoine et de l\u2019environnement - Seisson Menuiserie","headline":"Retour sur le 20e troph\u00e9e des artisans du patrimoine et de l&rsquo;environnement","author":{"@id":"https:\/\/seisson-menuiserie.fr\/?author=1#author"},"publisher":{"@id":"https:\/\/seisson-menuiserie.fr\/#organization"},"image":{"@type":"ImageObject","url":"https:\/\/seisson-menuiserie.fr\/wp-content\/uploads\/2023\/02\/Capture-decran-2023-02-08-a-18.58.44.png","width":3064,"height":1590},"datePublished":"2023-02-08T19:07:17+01:00","dateModified":"2023-02-08T19:08:01+01:00","inLanguage":"fr-FR","mainEntityOfPage":{"@id":"https:\/\/seisson-menuiserie.fr\/?p=586#webpage"},"isPartOf":{"@id":"https:\/\/seisson-menuiserie.fr\/?p=586#webpage"},"articleSection":"Non class\u00e9"},{"@type":"BreadcrumbList","@id":"https:\/\/seisson-menuiserie.fr\/?p=586#breadcrumblist","itemListElement":[{"@type":"ListItem","@id":"https:\/\/seisson-menuiserie.fr#listItem","position":1,"name":"Home","item":"https:\/\/seisson-menuiserie.fr","nextItem":{"@type":"ListItem","@id":"https:\/\/seisson-menuiserie.fr\/?cat=1#listItem","name":"Non class\u00e9"}},{"@type":"ListItem","@id":"https:\/\/seisson-menuiserie.fr\/?cat=1#listItem","position":2,"name":"Non class\u00e9","item":"https:\/\/seisson-menuiserie.fr\/?cat=1","nextItem":{"@type":"ListItem","@id":"https:\/\/seisson-menuiserie.fr\/?p=586#listItem","name":"Retour sur le 20e troph\u00e9e des artisans du patrimoine et de l&rsquo;environnement"},"previousItem":{"@type":"ListItem","@id":"https:\/\/seisson-menuiserie.fr#listItem","name":"Home"}},{"@type":"ListItem","@id":"https:\/\/seisson-menuiserie.fr\/?p=586#listItem","position":3,"name":"Retour sur le 20e troph\u00e9e des artisans du patrimoine et de l&rsquo;environnement","previousItem":{"@type":"ListItem","@id":"https:\/\/seisson-menuiserie.fr\/?cat=1#listItem","name":"Non class\u00e9"}}]},{"@type":"Organization","@id":"https:\/\/seisson-menuiserie.fr\/#organization","name":"Seisson Menuiserie","url":"https:\/\/seisson-menuiserie.fr\/","logo":{"@type":"ImageObject","url":"https:\/\/seisson-menuiserie.fr\/wp-content\/uploads\/2022\/10\/logo-accueil-1-scaled.jpg","@id":"https:\/\/seisson-menuiserie.fr\/?p=586\/#organizationLogo","width":2560,"height":731},"image":{"@id":"https:\/\/seisson-menuiserie.fr\/?p=586\/#organizationLogo"},"sameAs":["https:\/\/www.facebook.com\/search\/top?q=seissonmenuiserie","https:\/\/www.instagram.com\/seisson_menuiserie\/"]},{"@type":"Person","@id":"https:\/\/seisson-menuiserie.fr\/?author=1#author","url":"https:\/\/seisson-menuiserie.fr\/?author=1","name":"seissoe","image":{"@type":"ImageObject","@id":"https:\/\/seisson-menuiserie.fr\/?p=586#authorImage","url":"https:\/\/secure.gravatar.com\/avatar\/29f877c9cbab61e3a4ff36126e6b3acabe023bb53c6a2ffefc7ef28300542267?s=96&d=mm&r=g","width":96,"height":96,"caption":"seissoe"}},{"@type":"WebPage","@id":"https:\/\/seisson-menuiserie.fr\/?p=586#webpage","url":"https:\/\/seisson-menuiserie.fr\/?p=586","name":"Retour sur le 20e troph\u00e9e des artisans du patrimoine et de l\u2019environnement - Seisson Menuiserie","description":"Un concours de r\u00e9f\u00e9rence pour valoriser le savoir-faire et le talent des artisans de la r\u00e9gion, qui permet de souligner leur implication dans la pr\u00e9servation et la mise en valeur du patrimoine ancien, garant de notre h\u00e9ritage historique et culturel, dans le respect de l\u2019environnement et des styles r\u00e9gionaux. Prix Sp\u00e9cial du Jury remport\u00e9 par","inLanguage":"fr-FR","isPartOf":{"@id":"https:\/\/seisson-menuiserie.fr\/#website"},"breadcrumb":{"@id":"https:\/\/seisson-menuiserie.fr\/?p=586#breadcrumblist"},"author":{"@id":"https:\/\/seisson-menuiserie.fr\/?author=1#author"},"creator":{"@id":"https:\/\/seisson-menuiserie.fr\/?author=1#author"},"image":{"@type":"ImageObject","url":"https:\/\/seisson-menuiserie.fr\/wp-content\/uploads\/2023\/02\/Capture-decran-2023-02-08-a-18.58.44.png","@id":"https:\/\/seisson-menuiserie.fr\/?p=586\/#mainImage","width":3064,"height":1590},"primaryImageOfPage":{"@id":"https:\/\/seisson-menuiserie.fr\/?p=586#mainImage"},"datePublished":"2023-02-08T19:07:17+01:00","dateModified":"2023-02-08T19:08:01+01:00"},{"@type":"WebSite","@id":"https:\/\/seisson-menuiserie.fr\/#website","url":"https:\/\/seisson-menuiserie.fr\/","name":"Seisson Menuiserie","inLanguage":"fr-FR","publisher":{"@id":"https:\/\/seisson-menuiserie.fr\/#organization"}}]},"og:locale":"fr_FR","og:site_name":"Seisson Menuiserie -","og:type":"article","og:title":"Retour sur le 20e troph\u00e9e des artisans du patrimoine et de l\u2019environnement - Seisson Menuiserie","og:description":"Un concours de r\u00e9f\u00e9rence pour valoriser le savoir-faire et le talent des artisans de la r\u00e9gion, qui permet de souligner leur implication dans la pr\u00e9servation et la mise en valeur du patrimoine ancien, garant de notre h\u00e9ritage historique et culturel, dans le respect de l\u2019environnement et des styles r\u00e9gionaux. Prix Sp\u00e9cial du Jury remport\u00e9 par","og:url":"https:\/\/seisson-menuiserie.fr\/?p=586","og:image":"https:\/\/seisson-menuiserie.fr\/wp-content\/uploads\/2023\/02\/Capture-decran-2023-02-08-a-18.58.44.png","og:image:secure_url":"https:\/\/seisson-menuiserie.fr\/wp-content\/uploads\/2023\/02\/Capture-decran-2023-02-08-a-18.58.44.png","og:image:width":3064,"og:image:height":1590,"article:published_time":"2023-02-08T18:07:17+00:00","article:modified_time":"2023-02-08T18:08:01+00:00","article:publisher":"https:\/\/www.facebook.com\/search\/top?q=seissonmenuiserie","twitter:card":"summary_large_image","twitter:title":"Retour sur le 20e troph\u00e9e des artisans du patrimoine et de l\u2019environnement - Seisson Menuiserie","twitter:description":"Un concours de r\u00e9f\u00e9rence pour valoriser le savoir-faire et le talent des artisans de la r\u00e9gion, qui permet de souligner leur implication dans la pr\u00e9servation et la mise en valeur du patrimoine ancien, garant de notre h\u00e9ritage historique et culturel, dans le respect de l\u2019environnement et des styles r\u00e9gionaux. Prix Sp\u00e9cial du Jury remport\u00e9 par","twitter:image":"http:\/\/seisson-menuiserie.fr\/wp-content\/uploads\/2022\/10\/logo-accueil-1-scaled.jpg"},"aioseo_meta_data":{"post_id":"586","title":null,"description":null,"keywords":[],"keyphrases":{"focus":{"keyphrase":"","score":0,"analysis":{"keyphraseInTitle":{"score":0,"maxScore":9,"error":1}}},"additional":[]},"primary_term":null,"canonical_url":null,"og_title":null,"og_description":null,"og_object_type":"default","og_image_type":"default","og_image_url":null,"og_image_width":null,"og_image_height":null,"og_image_custom_url":null,"og_image_custom_fields":null,"og_video":"","og_custom_url":null,"og_article_section":null,"og_article_tags":[],"twitter_use_og":false,"twitter_card":"default","twitter_image_type":"default","twitter_image_url":null,"twitter_image_custom_url":null,"twitter_image_custom_fields":null,"twitter_title":null,"twitter_description":null,"schema":{"blockGraphs":[],"customGraphs":[],"default":{"data":{"Article":[],"Course":[],"Dataset":[],"FAQPage":[],"Movie":[],"Person":[],"Product":[],"ProductReview":[],"Car":[],"Recipe":[],"Service":[],"SoftwareApplication":[],"WebPage":[]},"graphName":"BlogPosting","isEnabled":true},"graphs":[]},"schema_type":"default","schema_type_options":null,"pillar_content":false,"robots_default":true,"robots_noindex":false,"robots_noarchive":false,"robots_nosnippet":false,"robots_nofollow":false,"robots_noimageindex":false,"robots_noodp":false,"robots_notranslate":false,"robots_max_snippet":"-1","robots_max_videopreview":"-1","robots_max_imagepreview":"large","priority":null,"frequency":"default","local_seo":null,"breadcrumb_settings":null,"limit_modified_date":false,"ai":null,"created":"2023-02-08 18:04:44","updated":"2025-06-04 08:43:39","focus_keyword":null,"additional_keywords":null,"truseo_locale":null,"seo_analyzer_scan_date":null},"aioseo_breadcrumb":"<div class=\"aioseo-breadcrumbs\"><span class=\"aioseo-breadcrumb\">\n\t\t\t<a href=\"https:\/\/seisson-menuiserie.fr\" title=\"Home\">Home<\/a>\n\t\t<\/span><span class=\"aioseo-breadcrumb-separator\">&raquo;<\/span><span class=\"aioseo-breadcrumb\">\n\t\t\t<a href=\"https:\/\/seisson-menuiserie.fr\/?cat=1\" title=\"Non class\u00e9\">Non class\u00e9<\/a>\n\t\t<\/span><span class=\"aioseo-breadcrumb-separator\">&raquo;<\/span><span class=\"aioseo-breadcrumb\">\n\t\t\tRetour sur le 20e troph\u00e9e des artisans du patrimoine et de l\u2019environnement\n\t\t<\/span><\/div>","aioseo_breadcrumb_json":[{"label":"Home","link":"https:\/\/seisson-menuiserie.fr"},{"label":"Non class\u00e9","link":"https:\/\/seisson-menuiserie.fr\/?cat=1"},{"label":"Retour sur le 20e troph\u00e9e des artisans du patrimoine et de l&rsquo;environnement","link":"https:\/\/seisson-menuiserie.fr\/?p=586"}],"_links":{"self":[{"href":"https:\/\/seisson-menuiserie.fr\/index.php?rest_route=\/wp\/v2\/posts\/586","targetHints":{"allow":["GET"]}}],"collection":[{"href":"https:\/\/seisson-menuiserie.fr\/index.php?rest_route=\/wp\/v2\/posts"}],"about":[{"href":"https:\/\/seisson-menuiserie.fr\/index.php?rest_route=\/wp\/v2\/types\/post"}],"author":[{"embeddable":true,"href":"https:\/\/seisson-menuiserie.fr\/index.php?rest_route=\/wp\/v2\/users\/1"}],"replies":[{"embeddable":true,"href":"https:\/\/seisson-menuiserie.fr\/index.php?rest_route=%2Fwp%2Fv2%2Fcomments&post=586"}],"version-history":[{"count":2,"href":"https:\/\/seisson-menuiserie.fr\/index.php?rest_route=\/wp\/v2\/posts\/586\/revisions"}],"predecessor-version":[{"id":589,"href":"https:\/\/seisson-menuiserie.fr\/index.php?rest_route=\/wp\/v2\/posts\/586\/revisions\/589"}],"wp:featuredmedia":[{"embeddable":true,"href":"https:\/\/seisson-menuiserie.fr\/index.php?rest_route=\/wp\/v2\/media\/588"}],"wp:attachment":[{"href":"https:\/\/seisson-menuiserie.fr\/index.php?rest_route=%2Fwp%2Fv2%2Fmedia&parent=586"}],"wp:term":[{"taxonomy":"category","embeddable":true,"href":"https:\/\/seisson-menuiserie.fr\/index.php?rest_route=%2Fwp%2Fv2%2Fcategories&post=586"},{"taxonomy":"post_tag","embeddable":true,"href":"https:\/\/seisson-menuiserie.fr\/index.php?rest_route=%2Fwp%2Fv2%2Ftags&post=586"}],"curies":[{"name":"wp","href":"https:\/\/api.w.org\/{rel}","templated":true}]}}