{"id":572,"date":"2023-01-28T15:52:29","date_gmt":"2023-01-28T14:52:29","guid":{"rendered":"http:\/\/seisson-menuiserie.fr\/?p=572"},"modified":"2023-03-29T20:28:03","modified_gmt":"2023-03-29T18:28:03","slug":"amenagement-dune-entree","status":"publish","type":"post","link":"https:\/\/seisson-menuiserie.fr\/?p=572","title":{"rendered":"Am\u00e9nagement d&rsquo;une entr\u00e9e"},"content":{"rendered":"\n<p class=\"wp-block-paragraph\">Une r\u00e9alisation sur-mesure avec portes en sapin<\/p>\n\n\n\n<div class=\"wp-block-cover alignfull is-light\"><span aria-hidden=\"true\" class=\"wp-block-cover__background has-background-dim-100 has-background-dim\" style=\"background-color:#ffffff\"><\/span><div class=\"wp-block-cover__inner-container is-layout-flow wp-block-cover-is-layout-flow\">\n<figure class=\"wp-block-gallery has-nested-images columns-default is-cropped wp-block-gallery-1 is-layout-flex wp-block-gallery-is-layout-flex\">\n<figure class=\"wp-block-image size-large\"><img loading=\"lazy\" decoding=\"async\" width=\"461\" height=\"1024\" data-id=\"570\" src=\"http:\/\/seisson-menuiserie.fr\/wp-content\/uploads\/2023\/01\/PHOTO-2023-01-26-12-58-21-461x1024.jpg\" alt=\"\" class=\"wp-image-570\" srcset=\"https:\/\/seisson-menuiserie.fr\/wp-content\/uploads\/2023\/01\/PHOTO-2023-01-26-12-58-21-461x1024.jpg 461w, https:\/\/seisson-menuiserie.fr\/wp-content\/uploads\/2023\/01\/PHOTO-2023-01-26-12-58-21-135x300.jpg 135w, https:\/\/seisson-menuiserie.fr\/wp-content\/uploads\/2023\/01\/PHOTO-2023-01-26-12-58-21-692x1536.jpg 692w, https:\/\/seisson-menuiserie.fr\/wp-content\/uploads\/2023\/01\/PHOTO-2023-01-26-12-58-21.jpg 721w\" sizes=\"auto, (max-width: 461px) 100vw, 461px\" \/><\/figure>\n\n\n\n<figure class=\"wp-block-image size-large\"><img loading=\"lazy\" decoding=\"async\" width=\"461\" height=\"1024\" data-id=\"569\" src=\"http:\/\/seisson-menuiserie.fr\/wp-content\/uploads\/2023\/01\/PHOTO-2023-01-26-12-58-20-461x1024.jpg\" alt=\"\" class=\"wp-image-569\" srcset=\"https:\/\/seisson-menuiserie.fr\/wp-content\/uploads\/2023\/01\/PHOTO-2023-01-26-12-58-20-461x1024.jpg 461w, https:\/\/seisson-menuiserie.fr\/wp-content\/uploads\/2023\/01\/PHOTO-2023-01-26-12-58-20-135x300.jpg 135w, https:\/\/seisson-menuiserie.fr\/wp-content\/uploads\/2023\/01\/PHOTO-2023-01-26-12-58-20-691x1536.jpg 691w, https:\/\/seisson-menuiserie.fr\/wp-content\/uploads\/2023\/01\/PHOTO-2023-01-26-12-58-20-486x1080.jpg 486w, https:\/\/seisson-menuiserie.fr\/wp-content\/uploads\/2023\/01\/PHOTO-2023-01-26-12-58-20.jpg 720w\" sizes=\"auto, (max-width: 461px) 100vw, 461px\" \/><\/figure>\n\n\n\n<figure class=\"wp-block-image size-large\"><img loading=\"lazy\" decoding=\"async\" width=\"461\" height=\"1024\" data-id=\"567\" src=\"http:\/\/seisson-menuiserie.fr\/wp-content\/uploads\/2023\/01\/PHOTO-2023-01-26-12-58-20-4-461x1024.jpg\" alt=\"\" class=\"wp-image-567\" srcset=\"https:\/\/seisson-menuiserie.fr\/wp-content\/uploads\/2023\/01\/PHOTO-2023-01-26-12-58-20-4-461x1024.jpg 461w, https:\/\/seisson-menuiserie.fr\/wp-content\/uploads\/2023\/01\/PHOTO-2023-01-26-12-58-20-4-135x300.jpg 135w, https:\/\/seisson-menuiserie.fr\/wp-content\/uploads\/2023\/01\/PHOTO-2023-01-26-12-58-20-4-692x1536.jpg 692w, https:\/\/seisson-menuiserie.fr\/wp-content\/uploads\/2023\/01\/PHOTO-2023-01-26-12-58-20-4.jpg 721w\" sizes=\"auto, (max-width: 461px) 100vw, 461px\" \/><\/figure>\n<\/figure>\n<\/div><\/div>\n\n\n\n<div class=\"wp-block-buttons is-layout-flex wp-block-buttons-is-layout-flex\">\n<div class=\"wp-block-button is-style-fill\"><a class=\"wp-block-button__link wp-element-button\" href=\"http:\/\/seisson-menuiserie.fr\/?page_id=44\">Voir plus de r\u00e9alisations<\/a><\/div>\n<\/div>\n","protected":false},"excerpt":{"rendered":"<p>Une r\u00e9alisation sur-mesure avec portes en sapin<\/p>\n","protected":false},"author":1,"featured_media":566,"comment_status":"open","ping_status":"open","sticky":false,"template":"","format":"standard","meta":{"om_disable_all_campaigns":false,"_monsterinsights_skip_tracking":false,"_uf_show_specific_survey":0,"_uf_disable_surveys":false,"footnotes":"","_wpscppro_dont_share_socialmedia":false,"_wpscppro_custom_social_share_image":0,"_facebook_share_type":"","_twitter_share_type":"","_linkedin_share_type":"","_pinterest_share_type":"","_linkedin_share_type_page":"","_instagram_share_type":"","_medium_share_type":"","_threads_share_type":"","_google_business_share_type":"","_bluesky_share_type":"","_mastodon_share_type":"","_selected_social_profile":[],"_wpsp_enable_custom_social_template":false,"_wpsp_social_scheduling":{"enabled":false,"datetime":null,"platforms":[],"status":"template_only","dateOption":"today","timeOption":"now","customDays":"","customHours":"","customDate":"","customTime":"","schedulingType":"absolute"},"_wpsp_active_default_template":true},"categories":[1],"tags":[],"class_list":["post-572","post","type-post","status-publish","format-standard","has-post-thumbnail","hentry","category-non-classe"],"aioseo_notices":[],"aioseo_head":"\n\t\t<!-- All in One SEO 5.0.1.1 - aioseo.com -->\n\t<meta name=\"description\" content=\"Une r\u00e9alisation sur-mesure avec portes en sapin Voir plus de r\u00e9alisations\" \/>\n\t<meta name=\"robots\" content=\"max-image-preview:large\" \/>\n\t<meta name=\"author\" content=\"seissoe\"\/>\n\t<link rel=\"canonical\" href=\"https:\/\/seisson-menuiserie.fr\/?p=572\" \/>\n\t<meta name=\"generator\" content=\"All in One SEO (AIOSEO) 5.0.1.1\" \/>\n\t\t<meta property=\"og:locale\" content=\"fr_FR\" \/>\n\t\t<meta property=\"og:site_name\" content=\"Seisson Menuiserie -\" \/>\n\t\t<meta property=\"og:type\" content=\"article\" \/>\n\t\t<meta property=\"og:title\" content=\"Am\u00e9nagement d\u2019une entr\u00e9e - Seisson Menuiserie\" \/>\n\t\t<meta property=\"og:description\" content=\"Une r\u00e9alisation sur-mesure avec portes en sapin Voir plus de r\u00e9alisations\" \/>\n\t\t<meta property=\"og:url\" content=\"https:\/\/seisson-menuiserie.fr\/?p=572\" \/>\n\t\t<meta property=\"og:image\" content=\"https:\/\/seisson-menuiserie.fr\/wp-content\/uploads\/2023\/01\/PHOTO-2023-01-26-12-58-20-2.jpg\" \/>\n\t\t<meta property=\"og:image:secure_url\" content=\"https:\/\/seisson-menuiserie.fr\/wp-content\/uploads\/2023\/01\/PHOTO-2023-01-26-12-58-20-2.jpg\" \/>\n\t\t<meta property=\"og:image:width\" content=\"1600\" \/>\n\t\t<meta property=\"og:image:height\" content=\"721\" \/>\n\t\t<meta property=\"article:published_time\" content=\"2023-01-28T14:52:29+00:00\" \/>\n\t\t<meta property=\"article:modified_time\" content=\"2023-03-29T18:28:03+00:00\" \/>\n\t\t<meta property=\"article:publisher\" content=\"https:\/\/www.facebook.com\/search\/top?q=seissonmenuiserie\" \/>\n\t\t<meta name=\"twitter:card\" content=\"summary_large_image\" \/>\n\t\t<meta name=\"twitter:title\" content=\"Am\u00e9nagement d\u2019une entr\u00e9e - Seisson Menuiserie\" \/>\n\t\t<meta name=\"twitter:description\" content=\"Une r\u00e9alisation sur-mesure avec portes en sapin Voir plus de r\u00e9alisations\" \/>\n\t\t<meta name=\"twitter:image\" content=\"http:\/\/seisson-menuiserie.fr\/wp-content\/uploads\/2022\/10\/logo-accueil-1-scaled.jpg\" \/>\n\t\t<script type=\"application\/ld+json\" class=\"aioseo-schema\">\n\t\t\t{\"@context\":\"https:\\\/\\\/schema.org\",\"@graph\":[{\"@type\":\"BlogPosting\",\"@id\":\"https:\\\/\\\/seisson-menuiserie.fr\\\/?p=572#blogposting\",\"name\":\"Am\\u00e9nagement d\\u2019une entr\\u00e9e - Seisson Menuiserie\",\"headline\":\"Am\\u00e9nagement d&rsquo;une entr\\u00e9e\",\"author\":{\"@id\":\"https:\\\/\\\/seisson-menuiserie.fr\\\/?author=1#author\"},\"publisher\":{\"@id\":\"https:\\\/\\\/seisson-menuiserie.fr\\\/#organization\"},\"image\":{\"@type\":\"ImageObject\",\"url\":\"https:\\\/\\\/seisson-menuiserie.fr\\\/wp-content\\\/uploads\\\/2023\\\/01\\\/PHOTO-2023-01-26-12-58-20-2.jpg\",\"width\":1600,\"height\":721},\"datePublished\":\"2023-01-28T15:52:29+01:00\",\"dateModified\":\"2023-03-29T20:28:03+02:00\",\"inLanguage\":\"fr-FR\",\"mainEntityOfPage\":{\"@id\":\"https:\\\/\\\/seisson-menuiserie.fr\\\/?p=572#webpage\"},\"isPartOf\":{\"@id\":\"https:\\\/\\\/seisson-menuiserie.fr\\\/?p=572#webpage\"},\"articleSection\":\"Non class\\u00e9\"},{\"@type\":\"BreadcrumbList\",\"@id\":\"https:\\\/\\\/seisson-menuiserie.fr\\\/?p=572#breadcrumblist\",\"itemListElement\":[{\"@type\":\"ListItem\",\"@id\":\"https:\\\/\\\/seisson-menuiserie.fr#listItem\",\"position\":1,\"name\":\"Home\",\"item\":\"https:\\\/\\\/seisson-menuiserie.fr\",\"nextItem\":{\"@type\":\"ListItem\",\"@id\":\"https:\\\/\\\/seisson-menuiserie.fr\\\/?cat=1#listItem\",\"name\":\"Non class\\u00e9\"}},{\"@type\":\"ListItem\",\"@id\":\"https:\\\/\\\/seisson-menuiserie.fr\\\/?cat=1#listItem\",\"position\":2,\"name\":\"Non class\\u00e9\",\"item\":\"https:\\\/\\\/seisson-menuiserie.fr\\\/?cat=1\",\"nextItem\":{\"@type\":\"ListItem\",\"@id\":\"https:\\\/\\\/seisson-menuiserie.fr\\\/?p=572#listItem\",\"name\":\"Am\\u00e9nagement d&rsquo;une entr\\u00e9e\"},\"previousItem\":{\"@type\":\"ListItem\",\"@id\":\"https:\\\/\\\/seisson-menuiserie.fr#listItem\",\"name\":\"Home\"}},{\"@type\":\"ListItem\",\"@id\":\"https:\\\/\\\/seisson-menuiserie.fr\\\/?p=572#listItem\",\"position\":3,\"name\":\"Am\\u00e9nagement d&rsquo;une entr\\u00e9e\",\"previousItem\":{\"@type\":\"ListItem\",\"@id\":\"https:\\\/\\\/seisson-menuiserie.fr\\\/?cat=1#listItem\",\"name\":\"Non class\\u00e9\"}}]},{\"@type\":\"Organization\",\"@id\":\"https:\\\/\\\/seisson-menuiserie.fr\\\/#organization\",\"name\":\"Seisson Menuiserie\",\"url\":\"https:\\\/\\\/seisson-menuiserie.fr\\\/\",\"logo\":{\"@type\":\"ImageObject\",\"url\":\"https:\\\/\\\/seisson-menuiserie.fr\\\/wp-content\\\/uploads\\\/2022\\\/10\\\/logo-accueil-1-scaled.jpg\",\"@id\":\"https:\\\/\\\/seisson-menuiserie.fr\\\/?p=572\\\/#organizationLogo\",\"width\":2560,\"height\":731},\"image\":{\"@id\":\"https:\\\/\\\/seisson-menuiserie.fr\\\/?p=572\\\/#organizationLogo\"},\"sameAs\":[\"https:\\\/\\\/www.facebook.com\\\/search\\\/top?q=seissonmenuiserie\",\"https:\\\/\\\/www.instagram.com\\\/seisson_menuiserie\\\/\"]},{\"@type\":\"Person\",\"@id\":\"https:\\\/\\\/seisson-menuiserie.fr\\\/?author=1#author\",\"url\":\"https:\\\/\\\/seisson-menuiserie.fr\\\/?author=1\",\"name\":\"seissoe\",\"image\":{\"@type\":\"ImageObject\",\"@id\":\"https:\\\/\\\/seisson-menuiserie.fr\\\/?p=572#authorImage\",\"url\":\"https:\\\/\\\/secure.gravatar.com\\\/avatar\\\/29f877c9cbab61e3a4ff36126e6b3acabe023bb53c6a2ffefc7ef28300542267?s=96&d=mm&r=g\",\"width\":96,\"height\":96,\"caption\":\"seissoe\"}},{\"@type\":\"WebPage\",\"@id\":\"https:\\\/\\\/seisson-menuiserie.fr\\\/?p=572#webpage\",\"url\":\"https:\\\/\\\/seisson-menuiserie.fr\\\/?p=572\",\"name\":\"Am\\u00e9nagement d\\u2019une entr\\u00e9e - Seisson Menuiserie\",\"description\":\"Une r\\u00e9alisation sur-mesure avec portes en sapin Voir plus de r\\u00e9alisations\",\"inLanguage\":\"fr-FR\",\"isPartOf\":{\"@id\":\"https:\\\/\\\/seisson-menuiserie.fr\\\/#website\"},\"breadcrumb\":{\"@id\":\"https:\\\/\\\/seisson-menuiserie.fr\\\/?p=572#breadcrumblist\"},\"author\":{\"@id\":\"https:\\\/\\\/seisson-menuiserie.fr\\\/?author=1#author\"},\"creator\":{\"@id\":\"https:\\\/\\\/seisson-menuiserie.fr\\\/?author=1#author\"},\"image\":{\"@type\":\"ImageObject\",\"url\":\"https:\\\/\\\/seisson-menuiserie.fr\\\/wp-content\\\/uploads\\\/2023\\\/01\\\/PHOTO-2023-01-26-12-58-20-2.jpg\",\"@id\":\"https:\\\/\\\/seisson-menuiserie.fr\\\/?p=572\\\/#mainImage\",\"width\":1600,\"height\":721},\"primaryImageOfPage\":{\"@id\":\"https:\\\/\\\/seisson-menuiserie.fr\\\/?p=572#mainImage\"},\"datePublished\":\"2023-01-28T15:52:29+01:00\",\"dateModified\":\"2023-03-29T20:28:03+02:00\"},{\"@type\":\"WebSite\",\"@id\":\"https:\\\/\\\/seisson-menuiserie.fr\\\/#website\",\"url\":\"https:\\\/\\\/seisson-menuiserie.fr\\\/\",\"name\":\"Seisson Menuiserie\",\"inLanguage\":\"fr-FR\",\"publisher\":{\"@id\":\"https:\\\/\\\/seisson-menuiserie.fr\\\/#organization\"}}]}\n\t\t<\/script>\n\t\t<!-- All in One SEO -->\n\n","aioseo_head_json":{"title":"Am\u00e9nagement d\u2019une entr\u00e9e - Seisson Menuiserie","description":"Une r\u00e9alisation sur-mesure avec portes en sapin Voir plus de r\u00e9alisations","canonical_url":"https:\/\/seisson-menuiserie.fr\/?p=572","robots":"max-image-preview:large","keywords":"","webmasterTools":{"miscellaneous":""},"schema":{"@context":"https:\/\/schema.org","@graph":[{"@type":"BlogPosting","@id":"https:\/\/seisson-menuiserie.fr\/?p=572#blogposting","name":"Am\u00e9nagement d\u2019une entr\u00e9e - Seisson Menuiserie","headline":"Am\u00e9nagement d&rsquo;une entr\u00e9e","author":{"@id":"https:\/\/seisson-menuiserie.fr\/?author=1#author"},"publisher":{"@id":"https:\/\/seisson-menuiserie.fr\/#organization"},"image":{"@type":"ImageObject","url":"https:\/\/seisson-menuiserie.fr\/wp-content\/uploads\/2023\/01\/PHOTO-2023-01-26-12-58-20-2.jpg","width":1600,"height":721},"datePublished":"2023-01-28T15:52:29+01:00","dateModified":"2023-03-29T20:28:03+02:00","inLanguage":"fr-FR","mainEntityOfPage":{"@id":"https:\/\/seisson-menuiserie.fr\/?p=572#webpage"},"isPartOf":{"@id":"https:\/\/seisson-menuiserie.fr\/?p=572#webpage"},"articleSection":"Non class\u00e9"},{"@type":"BreadcrumbList","@id":"https:\/\/seisson-menuiserie.fr\/?p=572#breadcrumblist","itemListElement":[{"@type":"ListItem","@id":"https:\/\/seisson-menuiserie.fr#listItem","position":1,"name":"Home","item":"https:\/\/seisson-menuiserie.fr","nextItem":{"@type":"ListItem","@id":"https:\/\/seisson-menuiserie.fr\/?cat=1#listItem","name":"Non class\u00e9"}},{"@type":"ListItem","@id":"https:\/\/seisson-menuiserie.fr\/?cat=1#listItem","position":2,"name":"Non class\u00e9","item":"https:\/\/seisson-menuiserie.fr\/?cat=1","nextItem":{"@type":"ListItem","@id":"https:\/\/seisson-menuiserie.fr\/?p=572#listItem","name":"Am\u00e9nagement d&rsquo;une entr\u00e9e"},"previousItem":{"@type":"ListItem","@id":"https:\/\/seisson-menuiserie.fr#listItem","name":"Home"}},{"@type":"ListItem","@id":"https:\/\/seisson-menuiserie.fr\/?p=572#listItem","position":3,"name":"Am\u00e9nagement d&rsquo;une entr\u00e9e","previousItem":{"@type":"ListItem","@id":"https:\/\/seisson-menuiserie.fr\/?cat=1#listItem","name":"Non class\u00e9"}}]},{"@type":"Organization","@id":"https:\/\/seisson-menuiserie.fr\/#organization","name":"Seisson Menuiserie","url":"https:\/\/seisson-menuiserie.fr\/","logo":{"@type":"ImageObject","url":"https:\/\/seisson-menuiserie.fr\/wp-content\/uploads\/2022\/10\/logo-accueil-1-scaled.jpg","@id":"https:\/\/seisson-menuiserie.fr\/?p=572\/#organizationLogo","width":2560,"height":731},"image":{"@id":"https:\/\/seisson-menuiserie.fr\/?p=572\/#organizationLogo"},"sameAs":["https:\/\/www.facebook.com\/search\/top?q=seissonmenuiserie","https:\/\/www.instagram.com\/seisson_menuiserie\/"]},{"@type":"Person","@id":"https:\/\/seisson-menuiserie.fr\/?author=1#author","url":"https:\/\/seisson-menuiserie.fr\/?author=1","name":"seissoe","image":{"@type":"ImageObject","@id":"https:\/\/seisson-menuiserie.fr\/?p=572#authorImage","url":"https:\/\/secure.gravatar.com\/avatar\/29f877c9cbab61e3a4ff36126e6b3acabe023bb53c6a2ffefc7ef28300542267?s=96&d=mm&r=g","width":96,"height":96,"caption":"seissoe"}},{"@type":"WebPage","@id":"https:\/\/seisson-menuiserie.fr\/?p=572#webpage","url":"https:\/\/seisson-menuiserie.fr\/?p=572","name":"Am\u00e9nagement d\u2019une entr\u00e9e - Seisson Menuiserie","description":"Une r\u00e9alisation sur-mesure avec portes en sapin Voir plus de r\u00e9alisations","inLanguage":"fr-FR","isPartOf":{"@id":"https:\/\/seisson-menuiserie.fr\/#website"},"breadcrumb":{"@id":"https:\/\/seisson-menuiserie.fr\/?p=572#breadcrumblist"},"author":{"@id":"https:\/\/seisson-menuiserie.fr\/?author=1#author"},"creator":{"@id":"https:\/\/seisson-menuiserie.fr\/?author=1#author"},"image":{"@type":"ImageObject","url":"https:\/\/seisson-menuiserie.fr\/wp-content\/uploads\/2023\/01\/PHOTO-2023-01-26-12-58-20-2.jpg","@id":"https:\/\/seisson-menuiserie.fr\/?p=572\/#mainImage","width":1600,"height":721},"primaryImageOfPage":{"@id":"https:\/\/seisson-menuiserie.fr\/?p=572#mainImage"},"datePublished":"2023-01-28T15:52:29+01:00","dateModified":"2023-03-29T20:28:03+02:00"},{"@type":"WebSite","@id":"https:\/\/seisson-menuiserie.fr\/#website","url":"https:\/\/seisson-menuiserie.fr\/","name":"Seisson Menuiserie","inLanguage":"fr-FR","publisher":{"@id":"https:\/\/seisson-menuiserie.fr\/#organization"}}]},"og:locale":"fr_FR","og:site_name":"Seisson Menuiserie -","og:type":"article","og:title":"Am\u00e9nagement d\u2019une entr\u00e9e - Seisson Menuiserie","og:description":"Une r\u00e9alisation sur-mesure avec portes en sapin Voir plus de r\u00e9alisations","og:url":"https:\/\/seisson-menuiserie.fr\/?p=572","og:image":"https:\/\/seisson-menuiserie.fr\/wp-content\/uploads\/2023\/01\/PHOTO-2023-01-26-12-58-20-2.jpg","og:image:secure_url":"https:\/\/seisson-menuiserie.fr\/wp-content\/uploads\/2023\/01\/PHOTO-2023-01-26-12-58-20-2.jpg","og:image:width":1600,"og:image:height":721,"article:published_time":"2023-01-28T14:52:29+00:00","article:modified_time":"2023-03-29T18:28:03+00:00","article:publisher":"https:\/\/www.facebook.com\/search\/top?q=seissonmenuiserie","twitter:card":"summary_large_image","twitter:title":"Am\u00e9nagement d\u2019une entr\u00e9e - Seisson Menuiserie","twitter:description":"Une r\u00e9alisation sur-mesure avec portes en sapin Voir plus de r\u00e9alisations","twitter:image":"http:\/\/seisson-menuiserie.fr\/wp-content\/uploads\/2022\/10\/logo-accueil-1-scaled.jpg"},"aioseo_meta_data":{"post_id":"572","title":null,"description":null,"keywords":[],"keyphrases":{"focus":{"keyphrase":"","score":0,"analysis":{"keyphraseInTitle":{"score":0,"maxScore":9,"error":1}}},"additional":[]},"primary_term":null,"canonical_url":null,"og_title":null,"og_description":null,"og_object_type":"default","og_image_type":"custom_image","og_image_url":"http:\/\/seisson-menuiserie.fr\/wp-content\/uploads\/2023\/01\/PHOTO-2023-01-26-12-58-20-2.jpg","og_image_width":"1600","og_image_height":"721","og_image_custom_url":"http:\/\/seisson-menuiserie.fr\/wp-content\/uploads\/2023\/01\/PHOTO-2023-01-26-12-58-20-2.jpg","og_image_custom_fields":null,"og_video":"","og_custom_url":null,"og_article_section":null,"og_article_tags":[],"twitter_use_og":false,"twitter_card":"default","twitter_image_type":"default","twitter_image_url":null,"twitter_image_custom_url":null,"twitter_image_custom_fields":null,"twitter_title":null,"twitter_description":null,"schema":{"blockGraphs":[],"customGraphs":[],"default":{"data":{"Article":[],"Course":[],"Dataset":[],"FAQPage":[],"Movie":[],"Person":[],"Product":[],"ProductReview":[],"Car":[],"Recipe":[],"Service":[],"SoftwareApplication":[],"WebPage":[]},"graphName":"BlogPosting","isEnabled":true},"graphs":[]},"schema_type":"default","schema_type_options":null,"pillar_content":false,"robots_default":true,"robots_noindex":false,"robots_noarchive":false,"robots_nosnippet":false,"robots_nofollow":false,"robots_noimageindex":false,"robots_noodp":false,"robots_notranslate":false,"robots_max_snippet":"-1","robots_max_videopreview":"-1","robots_max_imagepreview":"large","priority":null,"frequency":"default","local_seo":null,"breadcrumb_settings":null,"limit_modified_date":false,"ai":null,"created":"2023-01-28 14:51:09","updated":"2025-06-04 08:43:39","focus_keyword":null,"additional_keywords":null,"truseo_locale":null,"seo_analyzer_scan_date":null},"aioseo_breadcrumb":"<div class=\"aioseo-breadcrumbs\"><span class=\"aioseo-breadcrumb\">\n\t\t\t<a href=\"https:\/\/seisson-menuiserie.fr\" title=\"Home\">Home<\/a>\n\t\t<\/span><span class=\"aioseo-breadcrumb-separator\">&raquo;<\/span><span class=\"aioseo-breadcrumb\">\n\t\t\t<a href=\"https:\/\/seisson-menuiserie.fr\/?cat=1\" title=\"Non class\u00e9\">Non class\u00e9<\/a>\n\t\t<\/span><span class=\"aioseo-breadcrumb-separator\">&raquo;<\/span><span class=\"aioseo-breadcrumb\">\n\t\t\tAm\u00e9nagement d\u2019une entr\u00e9e\n\t\t<\/span><\/div>","aioseo_breadcrumb_json":[{"label":"Home","link":"https:\/\/seisson-menuiserie.fr"},{"label":"Non class\u00e9","link":"https:\/\/seisson-menuiserie.fr\/?cat=1"},{"label":"Am\u00e9nagement d&rsquo;une entr\u00e9e","link":"https:\/\/seisson-menuiserie.fr\/?p=572"}],"_links":{"self":[{"href":"https:\/\/seisson-menuiserie.fr\/index.php?rest_route=\/wp\/v2\/posts\/572","targetHints":{"allow":["GET"]}}],"collection":[{"href":"https:\/\/seisson-menuiserie.fr\/index.php?rest_route=\/wp\/v2\/posts"}],"about":[{"href":"https:\/\/seisson-menuiserie.fr\/index.php?rest_route=\/wp\/v2\/types\/post"}],"author":[{"embeddable":true,"href":"https:\/\/seisson-menuiserie.fr\/index.php?rest_route=\/wp\/v2\/users\/1"}],"replies":[{"embeddable":true,"href":"https:\/\/seisson-menuiserie.fr\/index.php?rest_route=%2Fwp%2Fv2%2Fcomments&post=572"}],"version-history":[{"count":4,"href":"https:\/\/seisson-menuiserie.fr\/index.php?rest_route=\/wp\/v2\/posts\/572\/revisions"}],"predecessor-version":[{"id":583,"href":"https:\/\/seisson-menuiserie.fr\/index.php?rest_route=\/wp\/v2\/posts\/572\/revisions\/583"}],"wp:featuredmedia":[{"embeddable":true,"href":"https:\/\/seisson-menuiserie.fr\/index.php?rest_route=\/wp\/v2\/media\/566"}],"wp:attachment":[{"href":"https:\/\/seisson-menuiserie.fr\/index.php?rest_route=%2Fwp%2Fv2%2Fmedia&parent=572"}],"wp:term":[{"taxonomy":"category","embeddable":true,"href":"https:\/\/seisson-menuiserie.fr\/index.php?rest_route=%2Fwp%2Fv2%2Fcategories&post=572"},{"taxonomy":"post_tag","embeddable":true,"href":"https:\/\/seisson-menuiserie.fr\/index.php?rest_route=%2Fwp%2Fv2%2Ftags&post=572"}],"curies":[{"name":"wp","href":"https:\/\/api.w.org\/{rel}","templated":true}]}}