{"id":147,"date":"2022-09-05T14:37:00","date_gmt":"2022-09-05T12:37:00","guid":{"rendered":"http:\/\/seisson-menuiserie.fr\/?p=147"},"modified":"2022-10-05T15:17:14","modified_gmt":"2022-10-05T13:17:14","slug":"le-nouvel-atelier-inaugure","status":"publish","type":"post","link":"https:\/\/seisson-menuiserie.fr\/?p=147","title":{"rendered":"Le nouvel atelier inaugur\u00e9"},"content":{"rendered":"\n<p class=\"wp-block-paragraph\">L&rsquo;inauguration de l&rsquo;atelier s&rsquo;est fait \u00e0 l&rsquo;occasion de la premi\u00e8re bougie de Seisson menuiserie \u00e0 savoir le vendredi 17 juin 2022.<\/p>\n\n\n\n<p class=\"wp-block-paragraph\">A cette occasion, fournisseurs, entrepreneurs et amis \u00e9taient r\u00e9unis pour une belle soir\u00e9e organis\u00e9e par l&rsquo;entreprise.<\/p>\n\n\n\n<p class=\"wp-block-paragraph\"><strong>Merci \u00e0 tous <\/strong>pour ce superbe moment de partage !<\/p>\n\n\n\n<figure class=\"wp-block-gallery has-nested-images columns-default is-cropped wp-block-gallery-1 is-layout-flex wp-block-gallery-is-layout-flex\">\n<figure class=\"wp-block-image size-large\"><img loading=\"lazy\" decoding=\"async\" width=\"1024\" height=\"683\" data-id=\"169\" src=\"http:\/\/seisson-menuiserie.fr\/wp-content\/uploads\/2022\/10\/IMG_4760-1024x683.jpg\" alt=\"\" class=\"wp-image-169\" srcset=\"https:\/\/seisson-menuiserie.fr\/wp-content\/uploads\/2022\/10\/IMG_4760-1024x683.jpg 1024w, https:\/\/seisson-menuiserie.fr\/wp-content\/uploads\/2022\/10\/IMG_4760-300x200.jpg 300w, https:\/\/seisson-menuiserie.fr\/wp-content\/uploads\/2022\/10\/IMG_4760-768x512.jpg 768w, https:\/\/seisson-menuiserie.fr\/wp-content\/uploads\/2022\/10\/IMG_4760-1536x1024.jpg 1536w, https:\/\/seisson-menuiserie.fr\/wp-content\/uploads\/2022\/10\/IMG_4760-2048x1365.jpg 2048w, https:\/\/seisson-menuiserie.fr\/wp-content\/uploads\/2022\/10\/IMG_4760-1620x1080.jpg 1620w\" sizes=\"auto, (max-width: 1024px) 100vw, 1024px\" \/><\/figure>\n\n\n\n<figure class=\"wp-block-image size-large\"><img loading=\"lazy\" decoding=\"async\" width=\"1024\" height=\"683\" data-id=\"171\" src=\"http:\/\/seisson-menuiserie.fr\/wp-content\/uploads\/2022\/10\/IMG_4766-1024x683.jpg\" alt=\"\" class=\"wp-image-171\" srcset=\"https:\/\/seisson-menuiserie.fr\/wp-content\/uploads\/2022\/10\/IMG_4766-1024x683.jpg 1024w, https:\/\/seisson-menuiserie.fr\/wp-content\/uploads\/2022\/10\/IMG_4766-300x200.jpg 300w, https:\/\/seisson-menuiserie.fr\/wp-content\/uploads\/2022\/10\/IMG_4766-768x512.jpg 768w, https:\/\/seisson-menuiserie.fr\/wp-content\/uploads\/2022\/10\/IMG_4766-1536x1024.jpg 1536w, https:\/\/seisson-menuiserie.fr\/wp-content\/uploads\/2022\/10\/IMG_4766-2048x1365.jpg 2048w, https:\/\/seisson-menuiserie.fr\/wp-content\/uploads\/2022\/10\/IMG_4766-1620x1080.jpg 1620w\" sizes=\"auto, (max-width: 1024px) 100vw, 1024px\" \/><\/figure>\n\n\n\n<figure class=\"wp-block-image size-large\"><img loading=\"lazy\" decoding=\"async\" width=\"1024\" height=\"683\" data-id=\"173\" src=\"http:\/\/seisson-menuiserie.fr\/wp-content\/uploads\/2022\/10\/IMG_4769-1-1024x683.jpg\" alt=\"\" class=\"wp-image-173\" srcset=\"https:\/\/seisson-menuiserie.fr\/wp-content\/uploads\/2022\/10\/IMG_4769-1-1024x683.jpg 1024w, https:\/\/seisson-menuiserie.fr\/wp-content\/uploads\/2022\/10\/IMG_4769-1-300x200.jpg 300w, https:\/\/seisson-menuiserie.fr\/wp-content\/uploads\/2022\/10\/IMG_4769-1-768x512.jpg 768w, https:\/\/seisson-menuiserie.fr\/wp-content\/uploads\/2022\/10\/IMG_4769-1-1536x1024.jpg 1536w, https:\/\/seisson-menuiserie.fr\/wp-content\/uploads\/2022\/10\/IMG_4769-1-2048x1365.jpg 2048w, https:\/\/seisson-menuiserie.fr\/wp-content\/uploads\/2022\/10\/IMG_4769-1-1620x1080.jpg 1620w\" sizes=\"auto, (max-width: 1024px) 100vw, 1024px\" \/><\/figure>\n\n\n\n<figure class=\"wp-block-image size-large\"><img loading=\"lazy\" decoding=\"async\" width=\"1024\" height=\"683\" data-id=\"174\" src=\"http:\/\/seisson-menuiserie.fr\/wp-content\/uploads\/2022\/10\/IMG_4770-1024x683.jpg\" alt=\"\" class=\"wp-image-174\" srcset=\"https:\/\/seisson-menuiserie.fr\/wp-content\/uploads\/2022\/10\/IMG_4770-1024x683.jpg 1024w, https:\/\/seisson-menuiserie.fr\/wp-content\/uploads\/2022\/10\/IMG_4770-300x200.jpg 300w, https:\/\/seisson-menuiserie.fr\/wp-content\/uploads\/2022\/10\/IMG_4770-768x512.jpg 768w, https:\/\/seisson-menuiserie.fr\/wp-content\/uploads\/2022\/10\/IMG_4770-1536x1024.jpg 1536w, https:\/\/seisson-menuiserie.fr\/wp-content\/uploads\/2022\/10\/IMG_4770-2048x1365.jpg 2048w, https:\/\/seisson-menuiserie.fr\/wp-content\/uploads\/2022\/10\/IMG_4770-1620x1080.jpg 1620w\" sizes=\"auto, (max-width: 1024px) 100vw, 1024px\" \/><\/figure>\n\n\n\n<figure class=\"wp-block-image size-large\"><img loading=\"lazy\" decoding=\"async\" width=\"1024\" height=\"683\" data-id=\"170\" src=\"http:\/\/seisson-menuiserie.fr\/wp-content\/uploads\/2022\/10\/IMG_4794-1024x683.jpg\" alt=\"\" class=\"wp-image-170\" srcset=\"https:\/\/seisson-menuiserie.fr\/wp-content\/uploads\/2022\/10\/IMG_4794-1024x683.jpg 1024w, https:\/\/seisson-menuiserie.fr\/wp-content\/uploads\/2022\/10\/IMG_4794-300x200.jpg 300w, https:\/\/seisson-menuiserie.fr\/wp-content\/uploads\/2022\/10\/IMG_4794-768x512.jpg 768w, https:\/\/seisson-menuiserie.fr\/wp-content\/uploads\/2022\/10\/IMG_4794-1536x1024.jpg 1536w, https:\/\/seisson-menuiserie.fr\/wp-content\/uploads\/2022\/10\/IMG_4794-2048x1365.jpg 2048w, https:\/\/seisson-menuiserie.fr\/wp-content\/uploads\/2022\/10\/IMG_4794-1620x1080.jpg 1620w\" sizes=\"auto, (max-width: 1024px) 100vw, 1024px\" \/><\/figure>\n\n\n\n<figure class=\"wp-block-image size-large\"><img loading=\"lazy\" decoding=\"async\" width=\"1024\" height=\"683\" data-id=\"172\" src=\"http:\/\/seisson-menuiserie.fr\/wp-content\/uploads\/2022\/10\/IMG_4804-1024x683.jpg\" alt=\"\" class=\"wp-image-172\" srcset=\"https:\/\/seisson-menuiserie.fr\/wp-content\/uploads\/2022\/10\/IMG_4804-1024x683.jpg 1024w, https:\/\/seisson-menuiserie.fr\/wp-content\/uploads\/2022\/10\/IMG_4804-300x200.jpg 300w, https:\/\/seisson-menuiserie.fr\/wp-content\/uploads\/2022\/10\/IMG_4804-768x512.jpg 768w, https:\/\/seisson-menuiserie.fr\/wp-content\/uploads\/2022\/10\/IMG_4804-1536x1024.jpg 1536w, https:\/\/seisson-menuiserie.fr\/wp-content\/uploads\/2022\/10\/IMG_4804-2048x1365.jpg 2048w, https:\/\/seisson-menuiserie.fr\/wp-content\/uploads\/2022\/10\/IMG_4804-1620x1080.jpg 1620w\" sizes=\"auto, (max-width: 1024px) 100vw, 1024px\" \/><\/figure>\n<\/figure>\n","protected":false},"excerpt":{"rendered":"<p>L&rsquo;inauguration de l&rsquo;atelier s&rsquo;est fait \u00e0 l&rsquo;occasion de la premi\u00e8re bougie de Seisson menuiserie \u00e0 savoir le vendredi 17 juin 2022. A cette occasion, fournisseurs, entrepreneurs et amis \u00e9taient r\u00e9unis pour une belle soir\u00e9e organis\u00e9e par l&rsquo;entreprise. Merci \u00e0 tous pour ce superbe moment de partage !<\/p>\n","protected":false},"author":1,"featured_media":142,"comment_status":"closed","ping_status":"closed","sticky":false,"template":"","format":"standard","meta":{"om_disable_all_campaigns":false,"_monsterinsights_skip_tracking":false,"_uf_show_specific_survey":0,"_uf_disable_surveys":false,"footnotes":"","_wpscppro_dont_share_socialmedia":false,"_wpscppro_custom_social_share_image":0,"_facebook_share_type":"","_twitter_share_type":"","_linkedin_share_type":"","_pinterest_share_type":"","_linkedin_share_type_page":"","_instagram_share_type":"","_medium_share_type":"","_threads_share_type":"","_google_business_share_type":"","_bluesky_share_type":"","_mastodon_share_type":"","_selected_social_profile":[],"_wpsp_enable_custom_social_template":false,"_wpsp_social_scheduling":{"enabled":false,"datetime":null,"platforms":[],"status":"template_only","dateOption":"today","timeOption":"now","customDays":"","customHours":"","customDate":"","customTime":"","schedulingType":"absolute"},"_wpsp_active_default_template":true},"categories":[1],"tags":[],"class_list":["post-147","post","type-post","status-publish","format-standard","has-post-thumbnail","hentry","category-non-classe"],"aioseo_notices":[],"aioseo_head":"\n\t\t<!-- All in One SEO 5.0.1.1 - aioseo.com -->\n\t<meta name=\"description\" content=\"L&#039;inauguration de l&#039;atelier s&#039;est fait \u00e0 l&#039;occasion de la premi\u00e8re bougie de Seisson menuiserie \u00e0 savoir le vendredi 17 juin 2022. A cette occasion, fournisseurs, entrepreneurs et amis \u00e9taient r\u00e9unis pour une belle soir\u00e9e organis\u00e9e par l&#039;entreprise. Merci \u00e0 tous pour ce superbe moment de partage !\" \/>\n\t<meta name=\"robots\" content=\"max-image-preview:large\" \/>\n\t<meta name=\"author\" content=\"seissoe\"\/>\n\t<link rel=\"canonical\" href=\"https:\/\/seisson-menuiserie.fr\/?p=147\" \/>\n\t<meta name=\"generator\" content=\"All in One SEO (AIOSEO) 5.0.1.1\" \/>\n\t\t<meta property=\"og:locale\" content=\"fr_FR\" \/>\n\t\t<meta property=\"og:site_name\" content=\"Seisson Menuiserie -\" \/>\n\t\t<meta property=\"og:type\" content=\"article\" \/>\n\t\t<meta property=\"og:title\" content=\"Le nouvel atelier inaugur\u00e9 - Seisson Menuiserie\" \/>\n\t\t<meta property=\"og:description\" content=\"L&#039;inauguration de l&#039;atelier s&#039;est fait \u00e0 l&#039;occasion de la premi\u00e8re bougie de Seisson menuiserie \u00e0 savoir le vendredi 17 juin 2022. A cette occasion, fournisseurs, entrepreneurs et amis \u00e9taient r\u00e9unis pour une belle soir\u00e9e organis\u00e9e par l&#039;entreprise. Merci \u00e0 tous pour ce superbe moment de partage !\" \/>\n\t\t<meta property=\"og:url\" content=\"https:\/\/seisson-menuiserie.fr\/?p=147\" \/>\n\t\t<meta property=\"og:image\" content=\"https:\/\/seisson-menuiserie.fr\/wp-content\/uploads\/2022\/10\/IMG_4769-scaled.jpg\" \/>\n\t\t<meta property=\"og:image:secure_url\" content=\"https:\/\/seisson-menuiserie.fr\/wp-content\/uploads\/2022\/10\/IMG_4769-scaled.jpg\" \/>\n\t\t<meta property=\"og:image:width\" content=\"2560\" \/>\n\t\t<meta property=\"og:image:height\" content=\"1707\" \/>\n\t\t<meta property=\"article:published_time\" content=\"2022-09-05T12:37:00+00:00\" \/>\n\t\t<meta property=\"article:modified_time\" content=\"2022-10-05T13:17:14+00:00\" \/>\n\t\t<meta property=\"article:publisher\" content=\"https:\/\/www.facebook.com\/search\/top?q=seissonmenuiserie\" \/>\n\t\t<meta name=\"twitter:card\" content=\"summary_large_image\" \/>\n\t\t<meta name=\"twitter:title\" content=\"Le nouvel atelier inaugur\u00e9 - Seisson Menuiserie\" \/>\n\t\t<meta name=\"twitter:description\" content=\"L&#039;inauguration de l&#039;atelier s&#039;est fait \u00e0 l&#039;occasion de la premi\u00e8re bougie de Seisson menuiserie \u00e0 savoir le vendredi 17 juin 2022. A cette occasion, fournisseurs, entrepreneurs et amis \u00e9taient r\u00e9unis pour une belle soir\u00e9e organis\u00e9e par l&#039;entreprise. Merci \u00e0 tous pour ce superbe moment de partage !\" \/>\n\t\t<meta name=\"twitter:image\" content=\"http:\/\/seisson-menuiserie.fr\/wp-content\/uploads\/2022\/10\/logo-accueil-1-scaled.jpg\" \/>\n\t\t<script type=\"application\/ld+json\" class=\"aioseo-schema\">\n\t\t\t{\"@context\":\"https:\\\/\\\/schema.org\",\"@graph\":[{\"@type\":\"BlogPosting\",\"@id\":\"https:\\\/\\\/seisson-menuiserie.fr\\\/?p=147#blogposting\",\"name\":\"Le nouvel atelier inaugur\\u00e9 - Seisson Menuiserie\",\"headline\":\"Le nouvel atelier inaugur\\u00e9\",\"author\":{\"@id\":\"https:\\\/\\\/seisson-menuiserie.fr\\\/?author=1#author\"},\"publisher\":{\"@id\":\"https:\\\/\\\/seisson-menuiserie.fr\\\/#organization\"},\"image\":{\"@type\":\"ImageObject\",\"url\":\"https:\\\/\\\/seisson-menuiserie.fr\\\/wp-content\\\/uploads\\\/2022\\\/10\\\/IMG_4769-scaled.jpg\",\"width\":2560,\"height\":1707},\"datePublished\":\"2022-09-05T14:37:00+02:00\",\"dateModified\":\"2022-10-05T15:17:14+02:00\",\"inLanguage\":\"fr-FR\",\"mainEntityOfPage\":{\"@id\":\"https:\\\/\\\/seisson-menuiserie.fr\\\/?p=147#webpage\"},\"isPartOf\":{\"@id\":\"https:\\\/\\\/seisson-menuiserie.fr\\\/?p=147#webpage\"},\"articleSection\":\"Non class\\u00e9\"},{\"@type\":\"BreadcrumbList\",\"@id\":\"https:\\\/\\\/seisson-menuiserie.fr\\\/?p=147#breadcrumblist\",\"itemListElement\":[{\"@type\":\"ListItem\",\"@id\":\"https:\\\/\\\/seisson-menuiserie.fr#listItem\",\"position\":1,\"name\":\"Home\",\"item\":\"https:\\\/\\\/seisson-menuiserie.fr\",\"nextItem\":{\"@type\":\"ListItem\",\"@id\":\"https:\\\/\\\/seisson-menuiserie.fr\\\/?cat=1#listItem\",\"name\":\"Non class\\u00e9\"}},{\"@type\":\"ListItem\",\"@id\":\"https:\\\/\\\/seisson-menuiserie.fr\\\/?cat=1#listItem\",\"position\":2,\"name\":\"Non class\\u00e9\",\"item\":\"https:\\\/\\\/seisson-menuiserie.fr\\\/?cat=1\",\"nextItem\":{\"@type\":\"ListItem\",\"@id\":\"https:\\\/\\\/seisson-menuiserie.fr\\\/?p=147#listItem\",\"name\":\"Le nouvel atelier inaugur\\u00e9\"},\"previousItem\":{\"@type\":\"ListItem\",\"@id\":\"https:\\\/\\\/seisson-menuiserie.fr#listItem\",\"name\":\"Home\"}},{\"@type\":\"ListItem\",\"@id\":\"https:\\\/\\\/seisson-menuiserie.fr\\\/?p=147#listItem\",\"position\":3,\"name\":\"Le nouvel atelier inaugur\\u00e9\",\"previousItem\":{\"@type\":\"ListItem\",\"@id\":\"https:\\\/\\\/seisson-menuiserie.fr\\\/?cat=1#listItem\",\"name\":\"Non class\\u00e9\"}}]},{\"@type\":\"Organization\",\"@id\":\"https:\\\/\\\/seisson-menuiserie.fr\\\/#organization\",\"name\":\"Seisson Menuiserie\",\"url\":\"https:\\\/\\\/seisson-menuiserie.fr\\\/\",\"logo\":{\"@type\":\"ImageObject\",\"url\":\"https:\\\/\\\/seisson-menuiserie.fr\\\/wp-content\\\/uploads\\\/2022\\\/10\\\/logo-accueil-1-scaled.jpg\",\"@id\":\"https:\\\/\\\/seisson-menuiserie.fr\\\/?p=147\\\/#organizationLogo\",\"width\":2560,\"height\":731},\"image\":{\"@id\":\"https:\\\/\\\/seisson-menuiserie.fr\\\/?p=147\\\/#organizationLogo\"},\"sameAs\":[\"https:\\\/\\\/www.facebook.com\\\/search\\\/top?q=seissonmenuiserie\",\"https:\\\/\\\/www.instagram.com\\\/seisson_menuiserie\\\/\"]},{\"@type\":\"Person\",\"@id\":\"https:\\\/\\\/seisson-menuiserie.fr\\\/?author=1#author\",\"url\":\"https:\\\/\\\/seisson-menuiserie.fr\\\/?author=1\",\"name\":\"seissoe\",\"image\":{\"@type\":\"ImageObject\",\"@id\":\"https:\\\/\\\/seisson-menuiserie.fr\\\/?p=147#authorImage\",\"url\":\"https:\\\/\\\/secure.gravatar.com\\\/avatar\\\/29f877c9cbab61e3a4ff36126e6b3acabe023bb53c6a2ffefc7ef28300542267?s=96&d=mm&r=g\",\"width\":96,\"height\":96,\"caption\":\"seissoe\"}},{\"@type\":\"WebPage\",\"@id\":\"https:\\\/\\\/seisson-menuiserie.fr\\\/?p=147#webpage\",\"url\":\"https:\\\/\\\/seisson-menuiserie.fr\\\/?p=147\",\"name\":\"Le nouvel atelier inaugur\\u00e9 - Seisson Menuiserie\",\"description\":\"L'inauguration de l'atelier s'est fait \\u00e0 l'occasion de la premi\\u00e8re bougie de Seisson menuiserie \\u00e0 savoir le vendredi 17 juin 2022. A cette occasion, fournisseurs, entrepreneurs et amis \\u00e9taient r\\u00e9unis pour une belle soir\\u00e9e organis\\u00e9e par l'entreprise. Merci \\u00e0 tous pour ce superbe moment de partage !\",\"inLanguage\":\"fr-FR\",\"isPartOf\":{\"@id\":\"https:\\\/\\\/seisson-menuiserie.fr\\\/#website\"},\"breadcrumb\":{\"@id\":\"https:\\\/\\\/seisson-menuiserie.fr\\\/?p=147#breadcrumblist\"},\"author\":{\"@id\":\"https:\\\/\\\/seisson-menuiserie.fr\\\/?author=1#author\"},\"creator\":{\"@id\":\"https:\\\/\\\/seisson-menuiserie.fr\\\/?author=1#author\"},\"image\":{\"@type\":\"ImageObject\",\"url\":\"https:\\\/\\\/seisson-menuiserie.fr\\\/wp-content\\\/uploads\\\/2022\\\/10\\\/IMG_4769-scaled.jpg\",\"@id\":\"https:\\\/\\\/seisson-menuiserie.fr\\\/?p=147\\\/#mainImage\",\"width\":2560,\"height\":1707},\"primaryImageOfPage\":{\"@id\":\"https:\\\/\\\/seisson-menuiserie.fr\\\/?p=147#mainImage\"},\"datePublished\":\"2022-09-05T14:37:00+02:00\",\"dateModified\":\"2022-10-05T15:17:14+02:00\"},{\"@type\":\"WebSite\",\"@id\":\"https:\\\/\\\/seisson-menuiserie.fr\\\/#website\",\"url\":\"https:\\\/\\\/seisson-menuiserie.fr\\\/\",\"name\":\"Seisson Menuiserie\",\"inLanguage\":\"fr-FR\",\"publisher\":{\"@id\":\"https:\\\/\\\/seisson-menuiserie.fr\\\/#organization\"}}]}\n\t\t<\/script>\n\t\t<!-- All in One SEO -->\n\n","aioseo_head_json":{"title":"Le nouvel atelier inaugur\u00e9 - Seisson Menuiserie","description":"L'inauguration de l'atelier s'est fait \u00e0 l'occasion de la premi\u00e8re bougie de Seisson menuiserie \u00e0 savoir le vendredi 17 juin 2022. A cette occasion, fournisseurs, entrepreneurs et amis \u00e9taient r\u00e9unis pour une belle soir\u00e9e organis\u00e9e par l'entreprise. Merci \u00e0 tous pour ce superbe moment de partage !","canonical_url":"https:\/\/seisson-menuiserie.fr\/?p=147","robots":"max-image-preview:large","keywords":"","webmasterTools":{"miscellaneous":""},"schema":{"@context":"https:\/\/schema.org","@graph":[{"@type":"BlogPosting","@id":"https:\/\/seisson-menuiserie.fr\/?p=147#blogposting","name":"Le nouvel atelier inaugur\u00e9 - Seisson Menuiserie","headline":"Le nouvel atelier inaugur\u00e9","author":{"@id":"https:\/\/seisson-menuiserie.fr\/?author=1#author"},"publisher":{"@id":"https:\/\/seisson-menuiserie.fr\/#organization"},"image":{"@type":"ImageObject","url":"https:\/\/seisson-menuiserie.fr\/wp-content\/uploads\/2022\/10\/IMG_4769-scaled.jpg","width":2560,"height":1707},"datePublished":"2022-09-05T14:37:00+02:00","dateModified":"2022-10-05T15:17:14+02:00","inLanguage":"fr-FR","mainEntityOfPage":{"@id":"https:\/\/seisson-menuiserie.fr\/?p=147#webpage"},"isPartOf":{"@id":"https:\/\/seisson-menuiserie.fr\/?p=147#webpage"},"articleSection":"Non class\u00e9"},{"@type":"BreadcrumbList","@id":"https:\/\/seisson-menuiserie.fr\/?p=147#breadcrumblist","itemListElement":[{"@type":"ListItem","@id":"https:\/\/seisson-menuiserie.fr#listItem","position":1,"name":"Home","item":"https:\/\/seisson-menuiserie.fr","nextItem":{"@type":"ListItem","@id":"https:\/\/seisson-menuiserie.fr\/?cat=1#listItem","name":"Non class\u00e9"}},{"@type":"ListItem","@id":"https:\/\/seisson-menuiserie.fr\/?cat=1#listItem","position":2,"name":"Non class\u00e9","item":"https:\/\/seisson-menuiserie.fr\/?cat=1","nextItem":{"@type":"ListItem","@id":"https:\/\/seisson-menuiserie.fr\/?p=147#listItem","name":"Le nouvel atelier inaugur\u00e9"},"previousItem":{"@type":"ListItem","@id":"https:\/\/seisson-menuiserie.fr#listItem","name":"Home"}},{"@type":"ListItem","@id":"https:\/\/seisson-menuiserie.fr\/?p=147#listItem","position":3,"name":"Le nouvel atelier inaugur\u00e9","previousItem":{"@type":"ListItem","@id":"https:\/\/seisson-menuiserie.fr\/?cat=1#listItem","name":"Non class\u00e9"}}]},{"@type":"Organization","@id":"https:\/\/seisson-menuiserie.fr\/#organization","name":"Seisson Menuiserie","url":"https:\/\/seisson-menuiserie.fr\/","logo":{"@type":"ImageObject","url":"https:\/\/seisson-menuiserie.fr\/wp-content\/uploads\/2022\/10\/logo-accueil-1-scaled.jpg","@id":"https:\/\/seisson-menuiserie.fr\/?p=147\/#organizationLogo","width":2560,"height":731},"image":{"@id":"https:\/\/seisson-menuiserie.fr\/?p=147\/#organizationLogo"},"sameAs":["https:\/\/www.facebook.com\/search\/top?q=seissonmenuiserie","https:\/\/www.instagram.com\/seisson_menuiserie\/"]},{"@type":"Person","@id":"https:\/\/seisson-menuiserie.fr\/?author=1#author","url":"https:\/\/seisson-menuiserie.fr\/?author=1","name":"seissoe","image":{"@type":"ImageObject","@id":"https:\/\/seisson-menuiserie.fr\/?p=147#authorImage","url":"https:\/\/secure.gravatar.com\/avatar\/29f877c9cbab61e3a4ff36126e6b3acabe023bb53c6a2ffefc7ef28300542267?s=96&d=mm&r=g","width":96,"height":96,"caption":"seissoe"}},{"@type":"WebPage","@id":"https:\/\/seisson-menuiserie.fr\/?p=147#webpage","url":"https:\/\/seisson-menuiserie.fr\/?p=147","name":"Le nouvel atelier inaugur\u00e9 - Seisson Menuiserie","description":"L'inauguration de l'atelier s'est fait \u00e0 l'occasion de la premi\u00e8re bougie de Seisson menuiserie \u00e0 savoir le vendredi 17 juin 2022. A cette occasion, fournisseurs, entrepreneurs et amis \u00e9taient r\u00e9unis pour une belle soir\u00e9e organis\u00e9e par l'entreprise. Merci \u00e0 tous pour ce superbe moment de partage !","inLanguage":"fr-FR","isPartOf":{"@id":"https:\/\/seisson-menuiserie.fr\/#website"},"breadcrumb":{"@id":"https:\/\/seisson-menuiserie.fr\/?p=147#breadcrumblist"},"author":{"@id":"https:\/\/seisson-menuiserie.fr\/?author=1#author"},"creator":{"@id":"https:\/\/seisson-menuiserie.fr\/?author=1#author"},"image":{"@type":"ImageObject","url":"https:\/\/seisson-menuiserie.fr\/wp-content\/uploads\/2022\/10\/IMG_4769-scaled.jpg","@id":"https:\/\/seisson-menuiserie.fr\/?p=147\/#mainImage","width":2560,"height":1707},"primaryImageOfPage":{"@id":"https:\/\/seisson-menuiserie.fr\/?p=147#mainImage"},"datePublished":"2022-09-05T14:37:00+02:00","dateModified":"2022-10-05T15:17:14+02:00"},{"@type":"WebSite","@id":"https:\/\/seisson-menuiserie.fr\/#website","url":"https:\/\/seisson-menuiserie.fr\/","name":"Seisson Menuiserie","inLanguage":"fr-FR","publisher":{"@id":"https:\/\/seisson-menuiserie.fr\/#organization"}}]},"og:locale":"fr_FR","og:site_name":"Seisson Menuiserie -","og:type":"article","og:title":"Le nouvel atelier inaugur\u00e9 - Seisson Menuiserie","og:description":"L'inauguration de l'atelier s'est fait \u00e0 l'occasion de la premi\u00e8re bougie de Seisson menuiserie \u00e0 savoir le vendredi 17 juin 2022. A cette occasion, fournisseurs, entrepreneurs et amis \u00e9taient r\u00e9unis pour une belle soir\u00e9e organis\u00e9e par l'entreprise. Merci \u00e0 tous pour ce superbe moment de partage !","og:url":"https:\/\/seisson-menuiserie.fr\/?p=147","og:image":"https:\/\/seisson-menuiserie.fr\/wp-content\/uploads\/2022\/10\/IMG_4769-scaled.jpg","og:image:secure_url":"https:\/\/seisson-menuiserie.fr\/wp-content\/uploads\/2022\/10\/IMG_4769-scaled.jpg","og:image:width":2560,"og:image:height":1707,"article:published_time":"2022-09-05T12:37:00+00:00","article:modified_time":"2022-10-05T13:17:14+00:00","article:publisher":"https:\/\/www.facebook.com\/search\/top?q=seissonmenuiserie","twitter:card":"summary_large_image","twitter:title":"Le nouvel atelier inaugur\u00e9 - Seisson Menuiserie","twitter:description":"L'inauguration de l'atelier s'est fait \u00e0 l'occasion de la premi\u00e8re bougie de Seisson menuiserie \u00e0 savoir le vendredi 17 juin 2022. A cette occasion, fournisseurs, entrepreneurs et amis \u00e9taient r\u00e9unis pour une belle soir\u00e9e organis\u00e9e par l'entreprise. Merci \u00e0 tous pour ce superbe moment de partage !","twitter:image":"http:\/\/seisson-menuiserie.fr\/wp-content\/uploads\/2022\/10\/logo-accueil-1-scaled.jpg"},"aioseo_meta_data":{"post_id":"147","title":null,"description":null,"keywords":null,"keyphrases":null,"primary_term":null,"canonical_url":null,"og_title":null,"og_description":null,"og_object_type":"default","og_image_type":"default","og_image_url":null,"og_image_width":null,"og_image_height":null,"og_image_custom_url":null,"og_image_custom_fields":null,"og_video":null,"og_custom_url":null,"og_article_section":null,"og_article_tags":null,"twitter_use_og":false,"twitter_card":"default","twitter_image_type":"default","twitter_image_url":null,"twitter_image_custom_url":null,"twitter_image_custom_fields":null,"twitter_title":null,"twitter_description":null,"schema":{"blockGraphs":[],"customGraphs":[],"default":{"data":{"Article":[],"Course":[],"Dataset":[],"FAQPage":[],"Movie":[],"Person":[],"Product":[],"ProductReview":[],"Car":[],"Recipe":[],"Service":[],"SoftwareApplication":[],"WebPage":[]},"graphName":"","isEnabled":true},"graphs":[]},"schema_type":"default","schema_type_options":null,"pillar_content":false,"robots_default":true,"robots_noindex":false,"robots_noarchive":false,"robots_nosnippet":false,"robots_nofollow":false,"robots_noimageindex":false,"robots_noodp":false,"robots_notranslate":false,"robots_max_snippet":null,"robots_max_videopreview":null,"robots_max_imagepreview":"large","priority":null,"frequency":null,"local_seo":null,"breadcrumb_settings":null,"limit_modified_date":false,"ai":null,"created":"2022-10-10 18:02:39","updated":"2025-06-04 08:43:39","focus_keyword":null,"additional_keywords":null,"truseo_locale":null,"seo_analyzer_scan_date":null},"aioseo_breadcrumb":"<div class=\"aioseo-breadcrumbs\"><span class=\"aioseo-breadcrumb\">\n\t\t\t<a href=\"https:\/\/seisson-menuiserie.fr\" title=\"Home\">Home<\/a>\n\t\t<\/span><span class=\"aioseo-breadcrumb-separator\">&raquo;<\/span><span class=\"aioseo-breadcrumb\">\n\t\t\t<a href=\"https:\/\/seisson-menuiserie.fr\/?cat=1\" title=\"Non class\u00e9\">Non class\u00e9<\/a>\n\t\t<\/span><span class=\"aioseo-breadcrumb-separator\">&raquo;<\/span><span class=\"aioseo-breadcrumb\">\n\t\t\tLe nouvel atelier inaugur\u00e9\n\t\t<\/span><\/div>","aioseo_breadcrumb_json":[{"label":"Home","link":"https:\/\/seisson-menuiserie.fr"},{"label":"Non class\u00e9","link":"https:\/\/seisson-menuiserie.fr\/?cat=1"},{"label":"Le nouvel atelier inaugur\u00e9","link":"https:\/\/seisson-menuiserie.fr\/?p=147"}],"_links":{"self":[{"href":"https:\/\/seisson-menuiserie.fr\/index.php?rest_route=\/wp\/v2\/posts\/147","targetHints":{"allow":["GET"]}}],"collection":[{"href":"https:\/\/seisson-menuiserie.fr\/index.php?rest_route=\/wp\/v2\/posts"}],"about":[{"href":"https:\/\/seisson-menuiserie.fr\/index.php?rest_route=\/wp\/v2\/types\/post"}],"author":[{"embeddable":true,"href":"https:\/\/seisson-menuiserie.fr\/index.php?rest_route=\/wp\/v2\/users\/1"}],"replies":[{"embeddable":true,"href":"https:\/\/seisson-menuiserie.fr\/index.php?rest_route=%2Fwp%2Fv2%2Fcomments&post=147"}],"version-history":[{"count":4,"href":"https:\/\/seisson-menuiserie.fr\/index.php?rest_route=\/wp\/v2\/posts\/147\/revisions"}],"predecessor-version":[{"id":176,"href":"https:\/\/seisson-menuiserie.fr\/index.php?rest_route=\/wp\/v2\/posts\/147\/revisions\/176"}],"wp:featuredmedia":[{"embeddable":true,"href":"https:\/\/seisson-menuiserie.fr\/index.php?rest_route=\/wp\/v2\/media\/142"}],"wp:attachment":[{"href":"https:\/\/seisson-menuiserie.fr\/index.php?rest_route=%2Fwp%2Fv2%2Fmedia&parent=147"}],"wp:term":[{"taxonomy":"category","embeddable":true,"href":"https:\/\/seisson-menuiserie.fr\/index.php?rest_route=%2Fwp%2Fv2%2Fcategories&post=147"},{"taxonomy":"post_tag","embeddable":true,"href":"https:\/\/seisson-menuiserie.fr\/index.php?rest_route=%2Fwp%2Fv2%2Ftags&post=147"}],"curies":[{"name":"wp","href":"https:\/\/api.w.org\/{rel}","templated":true}]}}