{"id":1093,"date":"2025-06-07T11:47:35","date_gmt":"2025-06-07T09:47:35","guid":{"rendered":"https:\/\/seisson-menuiserie.fr\/?p=1093"},"modified":"2025-06-07T11:47:39","modified_gmt":"2025-06-07T09:47:39","slug":"fabrication-de-fenetres-de-chateau","status":"publish","type":"post","link":"https:\/\/seisson-menuiserie.fr\/?p=1093","title":{"rendered":"Fabrication de fen\u00eatres de ch\u00e2teau"},"content":{"rendered":"\n<p class=\"wp-block-paragraph\">ferrage \u00e0 la fran\u00e7aise avec volets int\u00e9rieurs dans un ch\u00e2teau bugiste<\/p>\n\n\n\n<figure class=\"wp-block-gallery has-nested-images columns-default is-cropped wp-block-gallery-1 is-layout-flex wp-block-gallery-is-layout-flex\">\n<figure class=\"wp-block-image size-large\"><img loading=\"lazy\" decoding=\"async\" width=\"462\" height=\"1024\" data-id=\"1064\" src=\"https:\/\/seisson-menuiserie.fr\/wp-content\/uploads\/2025\/06\/PHOTO-2025-06-04-13-46-27-2-462x1024.jpg\" alt=\"\" class=\"wp-image-1064\" srcset=\"https:\/\/seisson-menuiserie.fr\/wp-content\/uploads\/2025\/06\/PHOTO-2025-06-04-13-46-27-2-462x1024.jpg 462w, https:\/\/seisson-menuiserie.fr\/wp-content\/uploads\/2025\/06\/PHOTO-2025-06-04-13-46-27-2-135x300.jpg 135w, https:\/\/seisson-menuiserie.fr\/wp-content\/uploads\/2025\/06\/PHOTO-2025-06-04-13-46-27-2-768x1703.jpg 768w, https:\/\/seisson-menuiserie.fr\/wp-content\/uploads\/2025\/06\/PHOTO-2025-06-04-13-46-27-2-693x1536.jpg 693w, https:\/\/seisson-menuiserie.fr\/wp-content\/uploads\/2025\/06\/PHOTO-2025-06-04-13-46-27-2-487x1080.jpg 487w, https:\/\/seisson-menuiserie.fr\/wp-content\/uploads\/2025\/06\/PHOTO-2025-06-04-13-46-27-2.jpg 920w\" sizes=\"auto, (max-width: 462px) 100vw, 462px\" \/><\/figure>\n\n\n\n<figure class=\"wp-block-image size-large\"><img loading=\"lazy\" decoding=\"async\" width=\"536\" height=\"1024\" data-id=\"1065\" src=\"https:\/\/seisson-menuiserie.fr\/wp-content\/uploads\/2025\/06\/PHOTO-2025-06-04-13-46-27-536x1024.jpg\" alt=\"\" class=\"wp-image-1065\" srcset=\"https:\/\/seisson-menuiserie.fr\/wp-content\/uploads\/2025\/06\/PHOTO-2025-06-04-13-46-27-536x1024.jpg 536w, https:\/\/seisson-menuiserie.fr\/wp-content\/uploads\/2025\/06\/PHOTO-2025-06-04-13-46-27-157x300.jpg 157w, https:\/\/seisson-menuiserie.fr\/wp-content\/uploads\/2025\/06\/PHOTO-2025-06-04-13-46-27-768x1467.jpg 768w, https:\/\/seisson-menuiserie.fr\/wp-content\/uploads\/2025\/06\/PHOTO-2025-06-04-13-46-27-804x1536.jpg 804w, https:\/\/seisson-menuiserie.fr\/wp-content\/uploads\/2025\/06\/PHOTO-2025-06-04-13-46-27-566x1080.jpg 566w, https:\/\/seisson-menuiserie.fr\/wp-content\/uploads\/2025\/06\/PHOTO-2025-06-04-13-46-27.jpg 918w\" sizes=\"auto, (max-width: 536px) 100vw, 536px\" \/><\/figure>\n\n\n\n<figure class=\"wp-block-image size-large\"><img loading=\"lazy\" decoding=\"async\" width=\"462\" height=\"1024\" data-id=\"1066\" src=\"https:\/\/seisson-menuiserie.fr\/wp-content\/uploads\/2025\/06\/PHOTO-2025-06-04-13-47-08-2-462x1024.jpg\" alt=\"\" class=\"wp-image-1066\" srcset=\"https:\/\/seisson-menuiserie.fr\/wp-content\/uploads\/2025\/06\/PHOTO-2025-06-04-13-47-08-2-462x1024.jpg 462w, https:\/\/seisson-menuiserie.fr\/wp-content\/uploads\/2025\/06\/PHOTO-2025-06-04-13-47-08-2-135x300.jpg 135w, https:\/\/seisson-menuiserie.fr\/wp-content\/uploads\/2025\/06\/PHOTO-2025-06-04-13-47-08-2-768x1703.jpg 768w, https:\/\/seisson-menuiserie.fr\/wp-content\/uploads\/2025\/06\/PHOTO-2025-06-04-13-47-08-2-693x1536.jpg 693w, https:\/\/seisson-menuiserie.fr\/wp-content\/uploads\/2025\/06\/PHOTO-2025-06-04-13-47-08-2-487x1080.jpg 487w, https:\/\/seisson-menuiserie.fr\/wp-content\/uploads\/2025\/06\/PHOTO-2025-06-04-13-47-08-2.jpg 920w\" sizes=\"auto, (max-width: 462px) 100vw, 462px\" \/><\/figure>\n\n\n\n<figure class=\"wp-block-image size-large\"><img loading=\"lazy\" decoding=\"async\" width=\"462\" height=\"1024\" data-id=\"1067\" src=\"https:\/\/seisson-menuiserie.fr\/wp-content\/uploads\/2025\/06\/PHOTO-2025-06-04-13-47-08-3-462x1024.jpg\" alt=\"\" class=\"wp-image-1067\" srcset=\"https:\/\/seisson-menuiserie.fr\/wp-content\/uploads\/2025\/06\/PHOTO-2025-06-04-13-47-08-3-462x1024.jpg 462w, https:\/\/seisson-menuiserie.fr\/wp-content\/uploads\/2025\/06\/PHOTO-2025-06-04-13-47-08-3-135x300.jpg 135w, https:\/\/seisson-menuiserie.fr\/wp-content\/uploads\/2025\/06\/PHOTO-2025-06-04-13-47-08-3-768x1703.jpg 768w, https:\/\/seisson-menuiserie.fr\/wp-content\/uploads\/2025\/06\/PHOTO-2025-06-04-13-47-08-3-693x1536.jpg 693w, https:\/\/seisson-menuiserie.fr\/wp-content\/uploads\/2025\/06\/PHOTO-2025-06-04-13-47-08-3-487x1080.jpg 487w, https:\/\/seisson-menuiserie.fr\/wp-content\/uploads\/2025\/06\/PHOTO-2025-06-04-13-47-08-3.jpg 920w\" sizes=\"auto, (max-width: 462px) 100vw, 462px\" \/><\/figure>\n\n\n\n<figure class=\"wp-block-image size-large\"><img loading=\"lazy\" decoding=\"async\" width=\"462\" height=\"1024\" data-id=\"1068\" src=\"https:\/\/seisson-menuiserie.fr\/wp-content\/uploads\/2025\/06\/PHOTO-2025-06-04-13-47-08-4-462x1024.jpg\" alt=\"\" class=\"wp-image-1068\" srcset=\"https:\/\/seisson-menuiserie.fr\/wp-content\/uploads\/2025\/06\/PHOTO-2025-06-04-13-47-08-4-462x1024.jpg 462w, https:\/\/seisson-menuiserie.fr\/wp-content\/uploads\/2025\/06\/PHOTO-2025-06-04-13-47-08-4-135x300.jpg 135w, https:\/\/seisson-menuiserie.fr\/wp-content\/uploads\/2025\/06\/PHOTO-2025-06-04-13-47-08-4-768x1703.jpg 768w, https:\/\/seisson-menuiserie.fr\/wp-content\/uploads\/2025\/06\/PHOTO-2025-06-04-13-47-08-4-693x1536.jpg 693w, https:\/\/seisson-menuiserie.fr\/wp-content\/uploads\/2025\/06\/PHOTO-2025-06-04-13-47-08-4-487x1080.jpg 487w, https:\/\/seisson-menuiserie.fr\/wp-content\/uploads\/2025\/06\/PHOTO-2025-06-04-13-47-08-4.jpg 920w\" sizes=\"auto, (max-width: 462px) 100vw, 462px\" \/><\/figure>\n\n\n\n<figure class=\"wp-block-image size-large\"><img loading=\"lazy\" decoding=\"async\" width=\"462\" height=\"1024\" data-id=\"1069\" src=\"https:\/\/seisson-menuiserie.fr\/wp-content\/uploads\/2025\/06\/PHOTO-2025-06-04-13-47-08-5-462x1024.jpg\" alt=\"\" class=\"wp-image-1069\" srcset=\"https:\/\/seisson-menuiserie.fr\/wp-content\/uploads\/2025\/06\/PHOTO-2025-06-04-13-47-08-5-462x1024.jpg 462w, https:\/\/seisson-menuiserie.fr\/wp-content\/uploads\/2025\/06\/PHOTO-2025-06-04-13-47-08-5-135x300.jpg 135w, https:\/\/seisson-menuiserie.fr\/wp-content\/uploads\/2025\/06\/PHOTO-2025-06-04-13-47-08-5-768x1703.jpg 768w, https:\/\/seisson-menuiserie.fr\/wp-content\/uploads\/2025\/06\/PHOTO-2025-06-04-13-47-08-5-693x1536.jpg 693w, https:\/\/seisson-menuiserie.fr\/wp-content\/uploads\/2025\/06\/PHOTO-2025-06-04-13-47-08-5-487x1080.jpg 487w, https:\/\/seisson-menuiserie.fr\/wp-content\/uploads\/2025\/06\/PHOTO-2025-06-04-13-47-08-5.jpg 920w\" sizes=\"auto, (max-width: 462px) 100vw, 462px\" \/><\/figure>\n\n\n\n<figure class=\"wp-block-image size-large\"><img loading=\"lazy\" decoding=\"async\" width=\"462\" height=\"1024\" data-id=\"1070\" src=\"https:\/\/seisson-menuiserie.fr\/wp-content\/uploads\/2025\/06\/PHOTO-2025-06-04-13-47-08-462x1024.jpg\" alt=\"\" class=\"wp-image-1070\" srcset=\"https:\/\/seisson-menuiserie.fr\/wp-content\/uploads\/2025\/06\/PHOTO-2025-06-04-13-47-08-462x1024.jpg 462w, https:\/\/seisson-menuiserie.fr\/wp-content\/uploads\/2025\/06\/PHOTO-2025-06-04-13-47-08-135x300.jpg 135w, https:\/\/seisson-menuiserie.fr\/wp-content\/uploads\/2025\/06\/PHOTO-2025-06-04-13-47-08-768x1703.jpg 768w, https:\/\/seisson-menuiserie.fr\/wp-content\/uploads\/2025\/06\/PHOTO-2025-06-04-13-47-08-693x1536.jpg 693w, https:\/\/seisson-menuiserie.fr\/wp-content\/uploads\/2025\/06\/PHOTO-2025-06-04-13-47-08-487x1080.jpg 487w, https:\/\/seisson-menuiserie.fr\/wp-content\/uploads\/2025\/06\/PHOTO-2025-06-04-13-47-08.jpg 920w\" sizes=\"auto, (max-width: 462px) 100vw, 462px\" \/><\/figure>\n<\/figure>\n\n\n\n<div class=\"wp-block-buttons is-layout-flex wp-block-buttons-is-layout-flex\">\n<div class=\"wp-block-button\"><a class=\"wp-block-button__link wp-element-button\" href=\"https:\/\/seisson-menuiserie.fr\/?page_id=232\">D&rsquo;autres r\u00e9alisations \u00e0 d\u00e9couvrir<\/a><\/div>\n<\/div>\n\n\n\n<p class=\"wp-block-paragraph\"><\/p>\n","protected":false},"excerpt":{"rendered":"<p>ferrage \u00e0 la fran\u00e7aise avec volets int\u00e9rieurs dans un ch\u00e2teau bugiste<\/p>\n","protected":false},"author":1,"featured_media":1094,"comment_status":"closed","ping_status":"open","sticky":false,"template":"","format":"standard","meta":{"om_disable_all_campaigns":false,"_monsterinsights_skip_tracking":false,"_uf_show_specific_survey":0,"_uf_disable_surveys":false,"footnotes":"","_wpscppro_dont_share_socialmedia":false,"_wpscppro_custom_social_share_image":0,"_facebook_share_type":"default","_twitter_share_type":"default","_linkedin_share_type":"default","_pinterest_share_type":"default","_linkedin_share_type_page":"","_instagram_share_type":"default","_medium_share_type":"default","_threads_share_type":"","_google_business_share_type":"","_bluesky_share_type":"","_mastodon_share_type":"","_selected_social_profile":[],"_wpsp_enable_custom_social_template":false,"_wpsp_social_scheduling":{"enabled":false,"datetime":null,"platforms":[],"status":"template_only","dateOption":"today","timeOption":"now","customDays":"","customHours":"","customDate":"","customTime":"","schedulingType":"absolute"},"_wpsp_active_default_template":true},"categories":[1],"tags":[],"class_list":["post-1093","post","type-post","status-publish","format-standard","has-post-thumbnail","hentry","category-non-classe"],"aioseo_notices":[],"aioseo_head":"\n\t\t<!-- All in One SEO 5.0.1.1 - aioseo.com -->\n\t<meta name=\"description\" content=\"ferrage \u00e0 la fran\u00e7aise avec volets int\u00e9rieurs dans un ch\u00e2teau bugiste D&#039;autres r\u00e9alisations \u00e0 d\u00e9couvrir\" \/>\n\t<meta name=\"robots\" content=\"max-image-preview:large\" \/>\n\t<meta name=\"author\" content=\"seissoe\"\/>\n\t<link rel=\"canonical\" href=\"https:\/\/seisson-menuiserie.fr\/?p=1093\" \/>\n\t<meta name=\"generator\" content=\"All in One SEO (AIOSEO) 5.0.1.1\" \/>\n\t\t<meta property=\"og:locale\" content=\"fr_FR\" \/>\n\t\t<meta property=\"og:site_name\" content=\"Seisson Menuiserie -\" \/>\n\t\t<meta property=\"og:type\" content=\"article\" \/>\n\t\t<meta property=\"og:title\" content=\"Fabrication de fen\u00eatres de ch\u00e2teau - Seisson Menuiserie\" \/>\n\t\t<meta property=\"og:description\" content=\"ferrage \u00e0 la fran\u00e7aise avec volets int\u00e9rieurs dans un ch\u00e2teau bugiste D&#039;autres r\u00e9alisations \u00e0 d\u00e9couvrir\" \/>\n\t\t<meta property=\"og:url\" content=\"https:\/\/seisson-menuiserie.fr\/?p=1093\" \/>\n\t\t<meta property=\"og:image\" content=\"https:\/\/seisson-menuiserie.fr\/wp-content\/uploads\/2025\/06\/trio-fenetre-bugiste.jpg\" \/>\n\t\t<meta property=\"og:image:secure_url\" content=\"https:\/\/seisson-menuiserie.fr\/wp-content\/uploads\/2025\/06\/trio-fenetre-bugiste.jpg\" \/>\n\t\t<meta property=\"og:image:width\" content=\"1942\" \/>\n\t\t<meta property=\"og:image:height\" content=\"1474\" \/>\n\t\t<meta property=\"article:published_time\" content=\"2025-06-07T09:47:35+00:00\" \/>\n\t\t<meta property=\"article:modified_time\" content=\"2025-06-07T09:47:39+00:00\" \/>\n\t\t<meta property=\"article:publisher\" content=\"https:\/\/www.facebook.com\/search\/top?q=seissonmenuiserie\" \/>\n\t\t<meta name=\"twitter:card\" content=\"summary_large_image\" \/>\n\t\t<meta name=\"twitter:title\" content=\"Fabrication de fen\u00eatres de ch\u00e2teau - Seisson Menuiserie\" \/>\n\t\t<meta name=\"twitter:description\" content=\"ferrage \u00e0 la fran\u00e7aise avec volets int\u00e9rieurs dans un ch\u00e2teau bugiste D&#039;autres r\u00e9alisations \u00e0 d\u00e9couvrir\" \/>\n\t\t<meta name=\"twitter:image\" content=\"http:\/\/seisson-menuiserie.fr\/wp-content\/uploads\/2022\/10\/logo-accueil-1-scaled.jpg\" \/>\n\t\t<script type=\"application\/ld+json\" class=\"aioseo-schema\">\n\t\t\t{\"@context\":\"https:\\\/\\\/schema.org\",\"@graph\":[{\"@type\":\"BlogPosting\",\"@id\":\"https:\\\/\\\/seisson-menuiserie.fr\\\/?p=1093#blogposting\",\"name\":\"Fabrication de fen\\u00eatres de ch\\u00e2teau - Seisson Menuiserie\",\"headline\":\"Fabrication de fen\\u00eatres de ch\\u00e2teau\",\"author\":{\"@id\":\"https:\\\/\\\/seisson-menuiserie.fr\\\/?author=1#author\"},\"publisher\":{\"@id\":\"https:\\\/\\\/seisson-menuiserie.fr\\\/#organization\"},\"image\":{\"@type\":\"ImageObject\",\"url\":\"https:\\\/\\\/seisson-menuiserie.fr\\\/wp-content\\\/uploads\\\/2025\\\/06\\\/trio-fenetre-bugiste.jpg\",\"width\":1942,\"height\":1474},\"datePublished\":\"2025-06-07T11:47:35+02:00\",\"dateModified\":\"2025-06-07T11:47:39+02:00\",\"inLanguage\":\"fr-FR\",\"mainEntityOfPage\":{\"@id\":\"https:\\\/\\\/seisson-menuiserie.fr\\\/?p=1093#webpage\"},\"isPartOf\":{\"@id\":\"https:\\\/\\\/seisson-menuiserie.fr\\\/?p=1093#webpage\"},\"articleSection\":\"Non class\\u00e9\"},{\"@type\":\"BreadcrumbList\",\"@id\":\"https:\\\/\\\/seisson-menuiserie.fr\\\/?p=1093#breadcrumblist\",\"itemListElement\":[{\"@type\":\"ListItem\",\"@id\":\"https:\\\/\\\/seisson-menuiserie.fr#listItem\",\"position\":1,\"name\":\"Home\",\"item\":\"https:\\\/\\\/seisson-menuiserie.fr\",\"nextItem\":{\"@type\":\"ListItem\",\"@id\":\"https:\\\/\\\/seisson-menuiserie.fr\\\/?cat=1#listItem\",\"name\":\"Non class\\u00e9\"}},{\"@type\":\"ListItem\",\"@id\":\"https:\\\/\\\/seisson-menuiserie.fr\\\/?cat=1#listItem\",\"position\":2,\"name\":\"Non class\\u00e9\",\"item\":\"https:\\\/\\\/seisson-menuiserie.fr\\\/?cat=1\",\"nextItem\":{\"@type\":\"ListItem\",\"@id\":\"https:\\\/\\\/seisson-menuiserie.fr\\\/?p=1093#listItem\",\"name\":\"Fabrication de fen\\u00eatres de ch\\u00e2teau\"},\"previousItem\":{\"@type\":\"ListItem\",\"@id\":\"https:\\\/\\\/seisson-menuiserie.fr#listItem\",\"name\":\"Home\"}},{\"@type\":\"ListItem\",\"@id\":\"https:\\\/\\\/seisson-menuiserie.fr\\\/?p=1093#listItem\",\"position\":3,\"name\":\"Fabrication de fen\\u00eatres de ch\\u00e2teau\",\"previousItem\":{\"@type\":\"ListItem\",\"@id\":\"https:\\\/\\\/seisson-menuiserie.fr\\\/?cat=1#listItem\",\"name\":\"Non class\\u00e9\"}}]},{\"@type\":\"Organization\",\"@id\":\"https:\\\/\\\/seisson-menuiserie.fr\\\/#organization\",\"name\":\"Seisson Menuiserie\",\"url\":\"https:\\\/\\\/seisson-menuiserie.fr\\\/\",\"logo\":{\"@type\":\"ImageObject\",\"url\":\"https:\\\/\\\/seisson-menuiserie.fr\\\/wp-content\\\/uploads\\\/2022\\\/10\\\/logo-accueil-1-scaled.jpg\",\"@id\":\"https:\\\/\\\/seisson-menuiserie.fr\\\/?p=1093\\\/#organizationLogo\",\"width\":2560,\"height\":731},\"image\":{\"@id\":\"https:\\\/\\\/seisson-menuiserie.fr\\\/?p=1093\\\/#organizationLogo\"},\"sameAs\":[\"https:\\\/\\\/www.facebook.com\\\/search\\\/top?q=seissonmenuiserie\",\"https:\\\/\\\/www.instagram.com\\\/seisson_menuiserie\\\/\"]},{\"@type\":\"Person\",\"@id\":\"https:\\\/\\\/seisson-menuiserie.fr\\\/?author=1#author\",\"url\":\"https:\\\/\\\/seisson-menuiserie.fr\\\/?author=1\",\"name\":\"seissoe\",\"image\":{\"@type\":\"ImageObject\",\"@id\":\"https:\\\/\\\/seisson-menuiserie.fr\\\/?p=1093#authorImage\",\"url\":\"https:\\\/\\\/secure.gravatar.com\\\/avatar\\\/29f877c9cbab61e3a4ff36126e6b3acabe023bb53c6a2ffefc7ef28300542267?s=96&d=mm&r=g\",\"width\":96,\"height\":96,\"caption\":\"seissoe\"}},{\"@type\":\"WebPage\",\"@id\":\"https:\\\/\\\/seisson-menuiserie.fr\\\/?p=1093#webpage\",\"url\":\"https:\\\/\\\/seisson-menuiserie.fr\\\/?p=1093\",\"name\":\"Fabrication de fen\\u00eatres de ch\\u00e2teau - Seisson Menuiserie\",\"description\":\"ferrage \\u00e0 la fran\\u00e7aise avec volets int\\u00e9rieurs dans un ch\\u00e2teau bugiste D'autres r\\u00e9alisations \\u00e0 d\\u00e9couvrir\",\"inLanguage\":\"fr-FR\",\"isPartOf\":{\"@id\":\"https:\\\/\\\/seisson-menuiserie.fr\\\/#website\"},\"breadcrumb\":{\"@id\":\"https:\\\/\\\/seisson-menuiserie.fr\\\/?p=1093#breadcrumblist\"},\"author\":{\"@id\":\"https:\\\/\\\/seisson-menuiserie.fr\\\/?author=1#author\"},\"creator\":{\"@id\":\"https:\\\/\\\/seisson-menuiserie.fr\\\/?author=1#author\"},\"image\":{\"@type\":\"ImageObject\",\"url\":\"https:\\\/\\\/seisson-menuiserie.fr\\\/wp-content\\\/uploads\\\/2025\\\/06\\\/trio-fenetre-bugiste.jpg\",\"@id\":\"https:\\\/\\\/seisson-menuiserie.fr\\\/?p=1093\\\/#mainImage\",\"width\":1942,\"height\":1474},\"primaryImageOfPage\":{\"@id\":\"https:\\\/\\\/seisson-menuiserie.fr\\\/?p=1093#mainImage\"},\"datePublished\":\"2025-06-07T11:47:35+02:00\",\"dateModified\":\"2025-06-07T11:47:39+02:00\"},{\"@type\":\"WebSite\",\"@id\":\"https:\\\/\\\/seisson-menuiserie.fr\\\/#website\",\"url\":\"https:\\\/\\\/seisson-menuiserie.fr\\\/\",\"name\":\"Seisson Menuiserie\",\"inLanguage\":\"fr-FR\",\"publisher\":{\"@id\":\"https:\\\/\\\/seisson-menuiserie.fr\\\/#organization\"}}]}\n\t\t<\/script>\n\t\t<!-- All in One SEO -->\n\n","aioseo_head_json":{"title":"Fabrication de fen\u00eatres de ch\u00e2teau - Seisson Menuiserie","description":"ferrage \u00e0 la fran\u00e7aise avec volets int\u00e9rieurs dans un ch\u00e2teau bugiste D'autres r\u00e9alisations \u00e0 d\u00e9couvrir","canonical_url":"https:\/\/seisson-menuiserie.fr\/?p=1093","robots":"max-image-preview:large","keywords":"","webmasterTools":{"miscellaneous":""},"schema":{"@context":"https:\/\/schema.org","@graph":[{"@type":"BlogPosting","@id":"https:\/\/seisson-menuiserie.fr\/?p=1093#blogposting","name":"Fabrication de fen\u00eatres de ch\u00e2teau - Seisson Menuiserie","headline":"Fabrication de fen\u00eatres de ch\u00e2teau","author":{"@id":"https:\/\/seisson-menuiserie.fr\/?author=1#author"},"publisher":{"@id":"https:\/\/seisson-menuiserie.fr\/#organization"},"image":{"@type":"ImageObject","url":"https:\/\/seisson-menuiserie.fr\/wp-content\/uploads\/2025\/06\/trio-fenetre-bugiste.jpg","width":1942,"height":1474},"datePublished":"2025-06-07T11:47:35+02:00","dateModified":"2025-06-07T11:47:39+02:00","inLanguage":"fr-FR","mainEntityOfPage":{"@id":"https:\/\/seisson-menuiserie.fr\/?p=1093#webpage"},"isPartOf":{"@id":"https:\/\/seisson-menuiserie.fr\/?p=1093#webpage"},"articleSection":"Non class\u00e9"},{"@type":"BreadcrumbList","@id":"https:\/\/seisson-menuiserie.fr\/?p=1093#breadcrumblist","itemListElement":[{"@type":"ListItem","@id":"https:\/\/seisson-menuiserie.fr#listItem","position":1,"name":"Home","item":"https:\/\/seisson-menuiserie.fr","nextItem":{"@type":"ListItem","@id":"https:\/\/seisson-menuiserie.fr\/?cat=1#listItem","name":"Non class\u00e9"}},{"@type":"ListItem","@id":"https:\/\/seisson-menuiserie.fr\/?cat=1#listItem","position":2,"name":"Non class\u00e9","item":"https:\/\/seisson-menuiserie.fr\/?cat=1","nextItem":{"@type":"ListItem","@id":"https:\/\/seisson-menuiserie.fr\/?p=1093#listItem","name":"Fabrication de fen\u00eatres de ch\u00e2teau"},"previousItem":{"@type":"ListItem","@id":"https:\/\/seisson-menuiserie.fr#listItem","name":"Home"}},{"@type":"ListItem","@id":"https:\/\/seisson-menuiserie.fr\/?p=1093#listItem","position":3,"name":"Fabrication de fen\u00eatres de ch\u00e2teau","previousItem":{"@type":"ListItem","@id":"https:\/\/seisson-menuiserie.fr\/?cat=1#listItem","name":"Non class\u00e9"}}]},{"@type":"Organization","@id":"https:\/\/seisson-menuiserie.fr\/#organization","name":"Seisson Menuiserie","url":"https:\/\/seisson-menuiserie.fr\/","logo":{"@type":"ImageObject","url":"https:\/\/seisson-menuiserie.fr\/wp-content\/uploads\/2022\/10\/logo-accueil-1-scaled.jpg","@id":"https:\/\/seisson-menuiserie.fr\/?p=1093\/#organizationLogo","width":2560,"height":731},"image":{"@id":"https:\/\/seisson-menuiserie.fr\/?p=1093\/#organizationLogo"},"sameAs":["https:\/\/www.facebook.com\/search\/top?q=seissonmenuiserie","https:\/\/www.instagram.com\/seisson_menuiserie\/"]},{"@type":"Person","@id":"https:\/\/seisson-menuiserie.fr\/?author=1#author","url":"https:\/\/seisson-menuiserie.fr\/?author=1","name":"seissoe","image":{"@type":"ImageObject","@id":"https:\/\/seisson-menuiserie.fr\/?p=1093#authorImage","url":"https:\/\/secure.gravatar.com\/avatar\/29f877c9cbab61e3a4ff36126e6b3acabe023bb53c6a2ffefc7ef28300542267?s=96&d=mm&r=g","width":96,"height":96,"caption":"seissoe"}},{"@type":"WebPage","@id":"https:\/\/seisson-menuiserie.fr\/?p=1093#webpage","url":"https:\/\/seisson-menuiserie.fr\/?p=1093","name":"Fabrication de fen\u00eatres de ch\u00e2teau - Seisson Menuiserie","description":"ferrage \u00e0 la fran\u00e7aise avec volets int\u00e9rieurs dans un ch\u00e2teau bugiste D'autres r\u00e9alisations \u00e0 d\u00e9couvrir","inLanguage":"fr-FR","isPartOf":{"@id":"https:\/\/seisson-menuiserie.fr\/#website"},"breadcrumb":{"@id":"https:\/\/seisson-menuiserie.fr\/?p=1093#breadcrumblist"},"author":{"@id":"https:\/\/seisson-menuiserie.fr\/?author=1#author"},"creator":{"@id":"https:\/\/seisson-menuiserie.fr\/?author=1#author"},"image":{"@type":"ImageObject","url":"https:\/\/seisson-menuiserie.fr\/wp-content\/uploads\/2025\/06\/trio-fenetre-bugiste.jpg","@id":"https:\/\/seisson-menuiserie.fr\/?p=1093\/#mainImage","width":1942,"height":1474},"primaryImageOfPage":{"@id":"https:\/\/seisson-menuiserie.fr\/?p=1093#mainImage"},"datePublished":"2025-06-07T11:47:35+02:00","dateModified":"2025-06-07T11:47:39+02:00"},{"@type":"WebSite","@id":"https:\/\/seisson-menuiserie.fr\/#website","url":"https:\/\/seisson-menuiserie.fr\/","name":"Seisson Menuiserie","inLanguage":"fr-FR","publisher":{"@id":"https:\/\/seisson-menuiserie.fr\/#organization"}}]},"og:locale":"fr_FR","og:site_name":"Seisson Menuiserie -","og:type":"article","og:title":"Fabrication de fen\u00eatres de ch\u00e2teau - Seisson Menuiserie","og:description":"ferrage \u00e0 la fran\u00e7aise avec volets int\u00e9rieurs dans un ch\u00e2teau bugiste D'autres r\u00e9alisations \u00e0 d\u00e9couvrir","og:url":"https:\/\/seisson-menuiserie.fr\/?p=1093","og:image":"https:\/\/seisson-menuiserie.fr\/wp-content\/uploads\/2025\/06\/trio-fenetre-bugiste.jpg","og:image:secure_url":"https:\/\/seisson-menuiserie.fr\/wp-content\/uploads\/2025\/06\/trio-fenetre-bugiste.jpg","og:image:width":1942,"og:image:height":1474,"article:published_time":"2025-06-07T09:47:35+00:00","article:modified_time":"2025-06-07T09:47:39+00:00","article:publisher":"https:\/\/www.facebook.com\/search\/top?q=seissonmenuiserie","twitter:card":"summary_large_image","twitter:title":"Fabrication de fen\u00eatres de ch\u00e2teau - Seisson Menuiserie","twitter:description":"ferrage \u00e0 la fran\u00e7aise avec volets int\u00e9rieurs dans un ch\u00e2teau bugiste D'autres r\u00e9alisations \u00e0 d\u00e9couvrir","twitter:image":"http:\/\/seisson-menuiserie.fr\/wp-content\/uploads\/2022\/10\/logo-accueil-1-scaled.jpg"},"aioseo_meta_data":{"post_id":"1093","title":null,"description":null,"keywords":null,"keyphrases":{"focus":[],"additional":[]},"primary_term":null,"canonical_url":null,"og_title":null,"og_description":null,"og_object_type":"default","og_image_type":"default","og_image_url":null,"og_image_width":null,"og_image_height":null,"og_image_custom_url":null,"og_image_custom_fields":null,"og_video":null,"og_custom_url":null,"og_article_section":null,"og_article_tags":null,"twitter_use_og":false,"twitter_card":"default","twitter_image_type":"default","twitter_image_url":null,"twitter_image_custom_url":null,"twitter_image_custom_fields":null,"twitter_title":null,"twitter_description":null,"schema":{"blockGraphs":[],"customGraphs":[],"default":{"data":{"Article":[],"Course":[],"Dataset":[],"FAQPage":[],"Movie":[],"Person":[],"Product":[],"ProductReview":[],"Car":[],"Recipe":[],"Service":[],"SoftwareApplication":[],"WebPage":[]},"graphName":"","isEnabled":true},"graphs":[]},"schema_type":"default","schema_type_options":null,"pillar_content":false,"robots_default":true,"robots_noindex":false,"robots_noarchive":false,"robots_nosnippet":false,"robots_nofollow":false,"robots_noimageindex":false,"robots_noodp":false,"robots_notranslate":false,"robots_max_snippet":null,"robots_max_videopreview":null,"robots_max_imagepreview":"large","priority":null,"frequency":null,"local_seo":null,"breadcrumb_settings":null,"limit_modified_date":false,"ai":null,"created":"2025-06-07 10:00:42","updated":"2026-09-02 11:50:01","focus_keyword":null,"additional_keywords":null,"truseo_locale":null,"seo_analyzer_scan_date":null},"aioseo_breadcrumb":"<div class=\"aioseo-breadcrumbs\"><span class=\"aioseo-breadcrumb\">\n\t\t\t<a href=\"https:\/\/seisson-menuiserie.fr\" title=\"Home\">Home<\/a>\n\t\t<\/span><span class=\"aioseo-breadcrumb-separator\">&raquo;<\/span><span class=\"aioseo-breadcrumb\">\n\t\t\t<a href=\"https:\/\/seisson-menuiserie.fr\/?cat=1\" title=\"Non class\u00e9\">Non class\u00e9<\/a>\n\t\t<\/span><span class=\"aioseo-breadcrumb-separator\">&raquo;<\/span><span class=\"aioseo-breadcrumb\">\n\t\t\tFabrication de fen\u00eatres de ch\u00e2teau\n\t\t<\/span><\/div>","aioseo_breadcrumb_json":[{"label":"Home","link":"https:\/\/seisson-menuiserie.fr"},{"label":"Non class\u00e9","link":"https:\/\/seisson-menuiserie.fr\/?cat=1"},{"label":"Fabrication de fen\u00eatres de ch\u00e2teau","link":"https:\/\/seisson-menuiserie.fr\/?p=1093"}],"_links":{"self":[{"href":"https:\/\/seisson-menuiserie.fr\/index.php?rest_route=\/wp\/v2\/posts\/1093","targetHints":{"allow":["GET"]}}],"collection":[{"href":"https:\/\/seisson-menuiserie.fr\/index.php?rest_route=\/wp\/v2\/posts"}],"about":[{"href":"https:\/\/seisson-menuiserie.fr\/index.php?rest_route=\/wp\/v2\/types\/post"}],"author":[{"embeddable":true,"href":"https:\/\/seisson-menuiserie.fr\/index.php?rest_route=\/wp\/v2\/users\/1"}],"replies":[{"embeddable":true,"href":"https:\/\/seisson-menuiserie.fr\/index.php?rest_route=%2Fwp%2Fv2%2Fcomments&post=1093"}],"version-history":[{"count":1,"href":"https:\/\/seisson-menuiserie.fr\/index.php?rest_route=\/wp\/v2\/posts\/1093\/revisions"}],"predecessor-version":[{"id":1095,"href":"https:\/\/seisson-menuiserie.fr\/index.php?rest_route=\/wp\/v2\/posts\/1093\/revisions\/1095"}],"wp:featuredmedia":[{"embeddable":true,"href":"https:\/\/seisson-menuiserie.fr\/index.php?rest_route=\/wp\/v2\/media\/1094"}],"wp:attachment":[{"href":"https:\/\/seisson-menuiserie.fr\/index.php?rest_route=%2Fwp%2Fv2%2Fmedia&parent=1093"}],"wp:term":[{"taxonomy":"category","embeddable":true,"href":"https:\/\/seisson-menuiserie.fr\/index.php?rest_route=%2Fwp%2Fv2%2Fcategories&post=1093"},{"taxonomy":"post_tag","embeddable":true,"href":"https:\/\/seisson-menuiserie.fr\/index.php?rest_route=%2Fwp%2Fv2%2Ftags&post=1093"}],"curies":[{"name":"wp","href":"https:\/\/api.w.org\/{rel}","templated":true}]}}