{"id":1052,"date":"2025-05-22T18:26:27","date_gmt":"2025-05-22T16:26:27","guid":{"rendered":"https:\/\/seisson-menuiserie.fr\/?p=1052"},"modified":"2025-05-22T18:26:29","modified_gmt":"2025-05-22T16:26:29","slug":"escalier-dans-un-espace-confine","status":"publish","type":"post","link":"https:\/\/seisson-menuiserie.fr\/?p=1052","title":{"rendered":"Escalier dans un espace confin\u00e9"},"content":{"rendered":"\n<p class=\"wp-block-paragraph\">Fabrication et pose d&rsquo;un escalier en h\u00e9v\u00e9a dans un espace confin\u00e9 !<\/p>\n\n\n\n<figure class=\"wp-block-gallery has-nested-images columns-default is-cropped wp-block-gallery-1 is-layout-flex wp-block-gallery-is-layout-flex\">\n<figure class=\"wp-block-image size-large\"><img loading=\"lazy\" decoding=\"async\" width=\"1024\" height=\"1024\" data-id=\"1055\" src=\"https:\/\/seisson-menuiserie.fr\/wp-content\/uploads\/2025\/05\/499970338_17890232433247657_3263888841493504488_n-1024x1024.jpg\" alt=\"\" class=\"wp-image-1055\" srcset=\"https:\/\/seisson-menuiserie.fr\/wp-content\/uploads\/2025\/05\/499970338_17890232433247657_3263888841493504488_n-1024x1024.jpg 1024w, https:\/\/seisson-menuiserie.fr\/wp-content\/uploads\/2025\/05\/499970338_17890232433247657_3263888841493504488_n-300x300.jpg 300w, https:\/\/seisson-menuiserie.fr\/wp-content\/uploads\/2025\/05\/499970338_17890232433247657_3263888841493504488_n-150x150.jpg 150w, https:\/\/seisson-menuiserie.fr\/wp-content\/uploads\/2025\/05\/499970338_17890232433247657_3263888841493504488_n-768x768.jpg 768w, https:\/\/seisson-menuiserie.fr\/wp-content\/uploads\/2025\/05\/499970338_17890232433247657_3263888841493504488_n-1080x1080.jpg 1080w, https:\/\/seisson-menuiserie.fr\/wp-content\/uploads\/2025\/05\/499970338_17890232433247657_3263888841493504488_n.jpg 1440w\" sizes=\"auto, (max-width: 1024px) 100vw, 1024px\" \/><\/figure>\n\n\n\n<figure class=\"wp-block-image size-large\"><img loading=\"lazy\" decoding=\"async\" width=\"1024\" height=\"1024\" data-id=\"1053\" src=\"https:\/\/seisson-menuiserie.fr\/wp-content\/uploads\/2025\/05\/499825266_17890232451247657_7929030626967417668_n-1024x1024.jpg\" alt=\"\" class=\"wp-image-1053\" srcset=\"https:\/\/seisson-menuiserie.fr\/wp-content\/uploads\/2025\/05\/499825266_17890232451247657_7929030626967417668_n-1024x1024.jpg 1024w, https:\/\/seisson-menuiserie.fr\/wp-content\/uploads\/2025\/05\/499825266_17890232451247657_7929030626967417668_n-300x300.jpg 300w, https:\/\/seisson-menuiserie.fr\/wp-content\/uploads\/2025\/05\/499825266_17890232451247657_7929030626967417668_n-150x150.jpg 150w, https:\/\/seisson-menuiserie.fr\/wp-content\/uploads\/2025\/05\/499825266_17890232451247657_7929030626967417668_n-768x768.jpg 768w, https:\/\/seisson-menuiserie.fr\/wp-content\/uploads\/2025\/05\/499825266_17890232451247657_7929030626967417668_n-1080x1080.jpg 1080w, https:\/\/seisson-menuiserie.fr\/wp-content\/uploads\/2025\/05\/499825266_17890232451247657_7929030626967417668_n.jpg 1440w\" sizes=\"auto, (max-width: 1024px) 100vw, 1024px\" \/><\/figure>\n\n\n\n<figure class=\"wp-block-image size-large\"><img loading=\"lazy\" decoding=\"async\" width=\"1024\" height=\"1024\" data-id=\"1056\" src=\"https:\/\/seisson-menuiserie.fr\/wp-content\/uploads\/2025\/05\/500429923_17890232442247657_1233423230785123154_n-1024x1024.jpg\" alt=\"\" class=\"wp-image-1056\" srcset=\"https:\/\/seisson-menuiserie.fr\/wp-content\/uploads\/2025\/05\/500429923_17890232442247657_1233423230785123154_n-1024x1024.jpg 1024w, https:\/\/seisson-menuiserie.fr\/wp-content\/uploads\/2025\/05\/500429923_17890232442247657_1233423230785123154_n-300x300.jpg 300w, https:\/\/seisson-menuiserie.fr\/wp-content\/uploads\/2025\/05\/500429923_17890232442247657_1233423230785123154_n-150x150.jpg 150w, https:\/\/seisson-menuiserie.fr\/wp-content\/uploads\/2025\/05\/500429923_17890232442247657_1233423230785123154_n-768x768.jpg 768w, https:\/\/seisson-menuiserie.fr\/wp-content\/uploads\/2025\/05\/500429923_17890232442247657_1233423230785123154_n-1080x1080.jpg 1080w, https:\/\/seisson-menuiserie.fr\/wp-content\/uploads\/2025\/05\/500429923_17890232442247657_1233423230785123154_n.jpg 1440w\" sizes=\"auto, (max-width: 1024px) 100vw, 1024px\" \/><\/figure>\n\n\n\n<figure class=\"wp-block-image size-large\"><img loading=\"lazy\" decoding=\"async\" width=\"1024\" height=\"1024\" data-id=\"1054\" src=\"https:\/\/seisson-menuiserie.fr\/wp-content\/uploads\/2025\/05\/IMG_3907-1024x1024.jpg\" alt=\"\" class=\"wp-image-1054\" srcset=\"https:\/\/seisson-menuiserie.fr\/wp-content\/uploads\/2025\/05\/IMG_3907-1024x1024.jpg 1024w, https:\/\/seisson-menuiserie.fr\/wp-content\/uploads\/2025\/05\/IMG_3907-300x300.jpg 300w, https:\/\/seisson-menuiserie.fr\/wp-content\/uploads\/2025\/05\/IMG_3907-150x150.jpg 150w, https:\/\/seisson-menuiserie.fr\/wp-content\/uploads\/2025\/05\/IMG_3907-768x768.jpg 768w, https:\/\/seisson-menuiserie.fr\/wp-content\/uploads\/2025\/05\/IMG_3907-1080x1080.jpg 1080w, https:\/\/seisson-menuiserie.fr\/wp-content\/uploads\/2025\/05\/IMG_3907.jpg 1440w\" sizes=\"auto, (max-width: 1024px) 100vw, 1024px\" \/><\/figure>\n<\/figure>\n","protected":false},"excerpt":{"rendered":"<p>Fabrication et pose d&rsquo;un escalier en h\u00e9v\u00e9a dans un espace confin\u00e9 !<\/p>\n","protected":false},"author":1,"featured_media":1055,"comment_status":"closed","ping_status":"closed","sticky":false,"template":"","format":"standard","meta":{"om_disable_all_campaigns":false,"_monsterinsights_skip_tracking":false,"_uf_show_specific_survey":0,"_uf_disable_surveys":false,"footnotes":"","_wpscppro_dont_share_socialmedia":false,"_wpscppro_custom_social_share_image":0,"_facebook_share_type":"","_twitter_share_type":"","_linkedin_share_type":"","_pinterest_share_type":"","_linkedin_share_type_page":"","_instagram_share_type":"","_medium_share_type":"","_threads_share_type":"","_google_business_share_type":"","_bluesky_share_type":"","_mastodon_share_type":"","_selected_social_profile":[],"_wpsp_enable_custom_social_template":false,"_wpsp_social_scheduling":{"enabled":false,"datetime":null,"platforms":[],"status":"template_only","dateOption":"today","timeOption":"now","customDays":"","customHours":"","customDate":"","customTime":"","schedulingType":"absolute"},"_wpsp_active_default_template":true},"categories":[1],"tags":[],"class_list":["post-1052","post","type-post","status-publish","format-standard","has-post-thumbnail","hentry","category-non-classe"],"aioseo_notices":[],"aioseo_head":"\n\t\t<!-- All in One SEO 5.0.1.1 - aioseo.com -->\n\t<meta name=\"description\" content=\"Fabrication et pose d&#039;un escalier en h\u00e9v\u00e9a dans un espace confin\u00e9 !\" \/>\n\t<meta name=\"robots\" content=\"max-image-preview:large\" \/>\n\t<meta name=\"author\" content=\"seissoe\"\/>\n\t<link rel=\"canonical\" href=\"https:\/\/seisson-menuiserie.fr\/?p=1052\" \/>\n\t<meta name=\"generator\" content=\"All in One SEO (AIOSEO) 5.0.1.1\" \/>\n\t\t<meta property=\"og:locale\" content=\"fr_FR\" \/>\n\t\t<meta property=\"og:site_name\" content=\"Seisson Menuiserie -\" \/>\n\t\t<meta property=\"og:type\" content=\"article\" \/>\n\t\t<meta property=\"og:title\" content=\"Escalier dans un espace confin\u00e9\" \/>\n\t\t<meta property=\"og:description\" content=\"Fabrication et pose d&#039;un escalier en h\u00e9v\u00e9a dans un espace confin\u00e9 !\" \/>\n\t\t<meta property=\"og:url\" content=\"https:\/\/seisson-menuiserie.fr\/?p=1052\" \/>\n\t\t<meta property=\"og:image\" content=\"https:\/\/seisson-menuiserie.fr\/wp-content\/uploads\/2025\/05\/499970338_17890232433247657_3263888841493504488_n.jpg\" \/>\n\t\t<meta property=\"og:image:secure_url\" content=\"https:\/\/seisson-menuiserie.fr\/wp-content\/uploads\/2025\/05\/499970338_17890232433247657_3263888841493504488_n.jpg\" \/>\n\t\t<meta property=\"og:image:width\" content=\"1440\" \/>\n\t\t<meta property=\"og:image:height\" content=\"1440\" \/>\n\t\t<meta property=\"article:published_time\" content=\"2025-05-22T16:26:27+00:00\" \/>\n\t\t<meta property=\"article:modified_time\" content=\"2025-05-22T16:26:29+00:00\" \/>\n\t\t<meta property=\"article:publisher\" content=\"https:\/\/www.facebook.com\/search\/top?q=seissonmenuiserie\" \/>\n\t\t<meta name=\"twitter:card\" content=\"summary_large_image\" \/>\n\t\t<meta name=\"twitter:title\" content=\"Escalier dans un espace confin\u00e9\" \/>\n\t\t<meta name=\"twitter:description\" content=\"Fabrication et pose d&#039;un escalier en h\u00e9v\u00e9a dans un espace confin\u00e9 !\" \/>\n\t\t<meta name=\"twitter:image\" content=\"http:\/\/seisson-menuiserie.fr\/wp-content\/uploads\/2022\/10\/logo-accueil-1-scaled.jpg\" \/>\n\t\t<script type=\"application\/ld+json\" class=\"aioseo-schema\">\n\t\t\t{\"@context\":\"https:\\\/\\\/schema.org\",\"@graph\":[{\"@type\":\"BlogPosting\",\"@id\":\"https:\\\/\\\/seisson-menuiserie.fr\\\/?p=1052#blogposting\",\"name\":\"Escalier dans un espace confin\\u00e9\",\"headline\":\"Escalier dans un espace confin\\u00e9\",\"author\":{\"@id\":\"https:\\\/\\\/seisson-menuiserie.fr\\\/?author=1#author\"},\"publisher\":{\"@id\":\"https:\\\/\\\/seisson-menuiserie.fr\\\/#organization\"},\"image\":{\"@type\":\"ImageObject\",\"url\":\"https:\\\/\\\/seisson-menuiserie.fr\\\/wp-content\\\/uploads\\\/2025\\\/05\\\/499970338_17890232433247657_3263888841493504488_n.jpg\",\"width\":1440,\"height\":1440},\"datePublished\":\"2025-05-22T18:26:27+02:00\",\"dateModified\":\"2025-05-22T18:26:29+02:00\",\"inLanguage\":\"fr-FR\",\"mainEntityOfPage\":{\"@id\":\"https:\\\/\\\/seisson-menuiserie.fr\\\/?p=1052#webpage\"},\"isPartOf\":{\"@id\":\"https:\\\/\\\/seisson-menuiserie.fr\\\/?p=1052#webpage\"},\"articleSection\":\"Non class\\u00e9\"},{\"@type\":\"BreadcrumbList\",\"@id\":\"https:\\\/\\\/seisson-menuiserie.fr\\\/?p=1052#breadcrumblist\",\"itemListElement\":[{\"@type\":\"ListItem\",\"@id\":\"https:\\\/\\\/seisson-menuiserie.fr#listItem\",\"position\":1,\"name\":\"Home\",\"item\":\"https:\\\/\\\/seisson-menuiserie.fr\",\"nextItem\":{\"@type\":\"ListItem\",\"@id\":\"https:\\\/\\\/seisson-menuiserie.fr\\\/?cat=1#listItem\",\"name\":\"Non class\\u00e9\"}},{\"@type\":\"ListItem\",\"@id\":\"https:\\\/\\\/seisson-menuiserie.fr\\\/?cat=1#listItem\",\"position\":2,\"name\":\"Non class\\u00e9\",\"item\":\"https:\\\/\\\/seisson-menuiserie.fr\\\/?cat=1\",\"nextItem\":{\"@type\":\"ListItem\",\"@id\":\"https:\\\/\\\/seisson-menuiserie.fr\\\/?p=1052#listItem\",\"name\":\"Escalier dans un espace confin\\u00e9\"},\"previousItem\":{\"@type\":\"ListItem\",\"@id\":\"https:\\\/\\\/seisson-menuiserie.fr#listItem\",\"name\":\"Home\"}},{\"@type\":\"ListItem\",\"@id\":\"https:\\\/\\\/seisson-menuiserie.fr\\\/?p=1052#listItem\",\"position\":3,\"name\":\"Escalier dans un espace confin\\u00e9\",\"previousItem\":{\"@type\":\"ListItem\",\"@id\":\"https:\\\/\\\/seisson-menuiserie.fr\\\/?cat=1#listItem\",\"name\":\"Non class\\u00e9\"}}]},{\"@type\":\"Organization\",\"@id\":\"https:\\\/\\\/seisson-menuiserie.fr\\\/#organization\",\"name\":\"Seisson Menuiserie\",\"url\":\"https:\\\/\\\/seisson-menuiserie.fr\\\/\",\"logo\":{\"@type\":\"ImageObject\",\"url\":\"https:\\\/\\\/seisson-menuiserie.fr\\\/wp-content\\\/uploads\\\/2022\\\/10\\\/logo-accueil-1-scaled.jpg\",\"@id\":\"https:\\\/\\\/seisson-menuiserie.fr\\\/?p=1052\\\/#organizationLogo\",\"width\":2560,\"height\":731},\"image\":{\"@id\":\"https:\\\/\\\/seisson-menuiserie.fr\\\/?p=1052\\\/#organizationLogo\"},\"sameAs\":[\"https:\\\/\\\/www.facebook.com\\\/search\\\/top?q=seissonmenuiserie\",\"https:\\\/\\\/www.instagram.com\\\/seisson_menuiserie\\\/\"]},{\"@type\":\"Person\",\"@id\":\"https:\\\/\\\/seisson-menuiserie.fr\\\/?author=1#author\",\"url\":\"https:\\\/\\\/seisson-menuiserie.fr\\\/?author=1\",\"name\":\"seissoe\",\"image\":{\"@type\":\"ImageObject\",\"@id\":\"https:\\\/\\\/seisson-menuiserie.fr\\\/?p=1052#authorImage\",\"url\":\"https:\\\/\\\/secure.gravatar.com\\\/avatar\\\/29f877c9cbab61e3a4ff36126e6b3acabe023bb53c6a2ffefc7ef28300542267?s=96&d=mm&r=g\",\"width\":96,\"height\":96,\"caption\":\"seissoe\"}},{\"@type\":\"WebPage\",\"@id\":\"https:\\\/\\\/seisson-menuiserie.fr\\\/?p=1052#webpage\",\"url\":\"https:\\\/\\\/seisson-menuiserie.fr\\\/?p=1052\",\"name\":\"Escalier dans un espace confin\\u00e9\",\"description\":\"Fabrication et pose d'un escalier en h\\u00e9v\\u00e9a dans un espace confin\\u00e9 !\",\"inLanguage\":\"fr-FR\",\"isPartOf\":{\"@id\":\"https:\\\/\\\/seisson-menuiserie.fr\\\/#website\"},\"breadcrumb\":{\"@id\":\"https:\\\/\\\/seisson-menuiserie.fr\\\/?p=1052#breadcrumblist\"},\"author\":{\"@id\":\"https:\\\/\\\/seisson-menuiserie.fr\\\/?author=1#author\"},\"creator\":{\"@id\":\"https:\\\/\\\/seisson-menuiserie.fr\\\/?author=1#author\"},\"image\":{\"@type\":\"ImageObject\",\"url\":\"https:\\\/\\\/seisson-menuiserie.fr\\\/wp-content\\\/uploads\\\/2025\\\/05\\\/499970338_17890232433247657_3263888841493504488_n.jpg\",\"@id\":\"https:\\\/\\\/seisson-menuiserie.fr\\\/?p=1052\\\/#mainImage\",\"width\":1440,\"height\":1440},\"primaryImageOfPage\":{\"@id\":\"https:\\\/\\\/seisson-menuiserie.fr\\\/?p=1052#mainImage\"},\"datePublished\":\"2025-05-22T18:26:27+02:00\",\"dateModified\":\"2025-05-22T18:26:29+02:00\"},{\"@type\":\"WebSite\",\"@id\":\"https:\\\/\\\/seisson-menuiserie.fr\\\/#website\",\"url\":\"https:\\\/\\\/seisson-menuiserie.fr\\\/\",\"name\":\"Seisson Menuiserie\",\"inLanguage\":\"fr-FR\",\"publisher\":{\"@id\":\"https:\\\/\\\/seisson-menuiserie.fr\\\/#organization\"}}]}\n\t\t<\/script>\n\t\t<!-- All in One SEO -->\n\n","aioseo_head_json":{"title":"Escalier dans un espace confin\u00e9","description":"Fabrication et pose d'un escalier en h\u00e9v\u00e9a dans un espace confin\u00e9 !","canonical_url":"https:\/\/seisson-menuiserie.fr\/?p=1052","robots":"max-image-preview:large","keywords":"","webmasterTools":{"miscellaneous":""},"schema":{"@context":"https:\/\/schema.org","@graph":[{"@type":"BlogPosting","@id":"https:\/\/seisson-menuiserie.fr\/?p=1052#blogposting","name":"Escalier dans un espace confin\u00e9","headline":"Escalier dans un espace confin\u00e9","author":{"@id":"https:\/\/seisson-menuiserie.fr\/?author=1#author"},"publisher":{"@id":"https:\/\/seisson-menuiserie.fr\/#organization"},"image":{"@type":"ImageObject","url":"https:\/\/seisson-menuiserie.fr\/wp-content\/uploads\/2025\/05\/499970338_17890232433247657_3263888841493504488_n.jpg","width":1440,"height":1440},"datePublished":"2025-05-22T18:26:27+02:00","dateModified":"2025-05-22T18:26:29+02:00","inLanguage":"fr-FR","mainEntityOfPage":{"@id":"https:\/\/seisson-menuiserie.fr\/?p=1052#webpage"},"isPartOf":{"@id":"https:\/\/seisson-menuiserie.fr\/?p=1052#webpage"},"articleSection":"Non class\u00e9"},{"@type":"BreadcrumbList","@id":"https:\/\/seisson-menuiserie.fr\/?p=1052#breadcrumblist","itemListElement":[{"@type":"ListItem","@id":"https:\/\/seisson-menuiserie.fr#listItem","position":1,"name":"Home","item":"https:\/\/seisson-menuiserie.fr","nextItem":{"@type":"ListItem","@id":"https:\/\/seisson-menuiserie.fr\/?cat=1#listItem","name":"Non class\u00e9"}},{"@type":"ListItem","@id":"https:\/\/seisson-menuiserie.fr\/?cat=1#listItem","position":2,"name":"Non class\u00e9","item":"https:\/\/seisson-menuiserie.fr\/?cat=1","nextItem":{"@type":"ListItem","@id":"https:\/\/seisson-menuiserie.fr\/?p=1052#listItem","name":"Escalier dans un espace confin\u00e9"},"previousItem":{"@type":"ListItem","@id":"https:\/\/seisson-menuiserie.fr#listItem","name":"Home"}},{"@type":"ListItem","@id":"https:\/\/seisson-menuiserie.fr\/?p=1052#listItem","position":3,"name":"Escalier dans un espace confin\u00e9","previousItem":{"@type":"ListItem","@id":"https:\/\/seisson-menuiserie.fr\/?cat=1#listItem","name":"Non class\u00e9"}}]},{"@type":"Organization","@id":"https:\/\/seisson-menuiserie.fr\/#organization","name":"Seisson Menuiserie","url":"https:\/\/seisson-menuiserie.fr\/","logo":{"@type":"ImageObject","url":"https:\/\/seisson-menuiserie.fr\/wp-content\/uploads\/2022\/10\/logo-accueil-1-scaled.jpg","@id":"https:\/\/seisson-menuiserie.fr\/?p=1052\/#organizationLogo","width":2560,"height":731},"image":{"@id":"https:\/\/seisson-menuiserie.fr\/?p=1052\/#organizationLogo"},"sameAs":["https:\/\/www.facebook.com\/search\/top?q=seissonmenuiserie","https:\/\/www.instagram.com\/seisson_menuiserie\/"]},{"@type":"Person","@id":"https:\/\/seisson-menuiserie.fr\/?author=1#author","url":"https:\/\/seisson-menuiserie.fr\/?author=1","name":"seissoe","image":{"@type":"ImageObject","@id":"https:\/\/seisson-menuiserie.fr\/?p=1052#authorImage","url":"https:\/\/secure.gravatar.com\/avatar\/29f877c9cbab61e3a4ff36126e6b3acabe023bb53c6a2ffefc7ef28300542267?s=96&d=mm&r=g","width":96,"height":96,"caption":"seissoe"}},{"@type":"WebPage","@id":"https:\/\/seisson-menuiserie.fr\/?p=1052#webpage","url":"https:\/\/seisson-menuiserie.fr\/?p=1052","name":"Escalier dans un espace confin\u00e9","description":"Fabrication et pose d'un escalier en h\u00e9v\u00e9a dans un espace confin\u00e9 !","inLanguage":"fr-FR","isPartOf":{"@id":"https:\/\/seisson-menuiserie.fr\/#website"},"breadcrumb":{"@id":"https:\/\/seisson-menuiserie.fr\/?p=1052#breadcrumblist"},"author":{"@id":"https:\/\/seisson-menuiserie.fr\/?author=1#author"},"creator":{"@id":"https:\/\/seisson-menuiserie.fr\/?author=1#author"},"image":{"@type":"ImageObject","url":"https:\/\/seisson-menuiserie.fr\/wp-content\/uploads\/2025\/05\/499970338_17890232433247657_3263888841493504488_n.jpg","@id":"https:\/\/seisson-menuiserie.fr\/?p=1052\/#mainImage","width":1440,"height":1440},"primaryImageOfPage":{"@id":"https:\/\/seisson-menuiserie.fr\/?p=1052#mainImage"},"datePublished":"2025-05-22T18:26:27+02:00","dateModified":"2025-05-22T18:26:29+02:00"},{"@type":"WebSite","@id":"https:\/\/seisson-menuiserie.fr\/#website","url":"https:\/\/seisson-menuiserie.fr\/","name":"Seisson Menuiserie","inLanguage":"fr-FR","publisher":{"@id":"https:\/\/seisson-menuiserie.fr\/#organization"}}]},"og:locale":"fr_FR","og:site_name":"Seisson Menuiserie -","og:type":"article","og:title":"Escalier dans un espace confin\u00e9","og:description":"Fabrication et pose d'un escalier en h\u00e9v\u00e9a dans un espace confin\u00e9 !","og:url":"https:\/\/seisson-menuiserie.fr\/?p=1052","og:image":"https:\/\/seisson-menuiserie.fr\/wp-content\/uploads\/2025\/05\/499970338_17890232433247657_3263888841493504488_n.jpg","og:image:secure_url":"https:\/\/seisson-menuiserie.fr\/wp-content\/uploads\/2025\/05\/499970338_17890232433247657_3263888841493504488_n.jpg","og:image:width":"1440","og:image:height":"1440","article:published_time":"2025-05-22T16:26:27+00:00","article:modified_time":"2025-05-22T16:26:29+00:00","article:publisher":"https:\/\/www.facebook.com\/search\/top?q=seissonmenuiserie","twitter:card":"summary_large_image","twitter:title":"Escalier dans un espace confin\u00e9","twitter:description":"Fabrication et pose d'un escalier en h\u00e9v\u00e9a dans un espace confin\u00e9 !","twitter:image":"http:\/\/seisson-menuiserie.fr\/wp-content\/uploads\/2022\/10\/logo-accueil-1-scaled.jpg"},"aioseo_meta_data":{"post_id":"1052","title":"#post_title","description":null,"keywords":null,"keyphrases":{"focus":[],"additional":[]},"primary_term":null,"canonical_url":null,"og_title":null,"og_description":null,"og_object_type":"default","og_image_type":"featured","og_image_url":"http:\/\/seisson-menuiserie.fr\/wp-content\/uploads\/2025\/05\/499970338_17890232433247657_3263888841493504488_n.jpg","og_image_width":"1440","og_image_height":"1440","og_image_custom_url":null,"og_image_custom_fields":null,"og_video":"","og_custom_url":null,"og_article_section":null,"og_article_tags":null,"twitter_use_og":false,"twitter_card":"default","twitter_image_type":"default","twitter_image_url":null,"twitter_image_custom_url":null,"twitter_image_custom_fields":null,"twitter_title":null,"twitter_description":null,"schema":{"blockGraphs":[],"customGraphs":[],"default":{"data":{"Article":[],"Course":[],"Dataset":[],"FAQPage":[],"Movie":[],"Person":[],"Product":[],"ProductReview":[],"Car":[],"Recipe":[],"Service":[],"SoftwareApplication":[],"WebPage":[]},"graphName":"BlogPosting","isEnabled":true},"graphs":[]},"schema_type":"default","schema_type_options":null,"pillar_content":false,"robots_default":true,"robots_noindex":false,"robots_noarchive":false,"robots_nosnippet":false,"robots_nofollow":false,"robots_noimageindex":false,"robots_noodp":false,"robots_notranslate":false,"robots_max_snippet":"-1","robots_max_videopreview":"-1","robots_max_imagepreview":"large","priority":null,"frequency":"default","local_seo":null,"breadcrumb_settings":null,"limit_modified_date":false,"ai":null,"created":"2025-05-22 16:26:29","updated":"2026-09-02 11:50:02","focus_keyword":null,"additional_keywords":null,"truseo_locale":null,"seo_analyzer_scan_date":null},"aioseo_breadcrumb":"<div class=\"aioseo-breadcrumbs\"><span class=\"aioseo-breadcrumb\">\n\t\t\t<a href=\"https:\/\/seisson-menuiserie.fr\" title=\"Home\">Home<\/a>\n\t\t<\/span><span class=\"aioseo-breadcrumb-separator\">&raquo;<\/span><span class=\"aioseo-breadcrumb\">\n\t\t\t<a href=\"https:\/\/seisson-menuiserie.fr\/?cat=1\" title=\"Non class\u00e9\">Non class\u00e9<\/a>\n\t\t<\/span><span class=\"aioseo-breadcrumb-separator\">&raquo;<\/span><span class=\"aioseo-breadcrumb\">\n\t\t\tEscalier dans un espace confin\u00e9\n\t\t<\/span><\/div>","aioseo_breadcrumb_json":[{"label":"Home","link":"https:\/\/seisson-menuiserie.fr"},{"label":"Non class\u00e9","link":"https:\/\/seisson-menuiserie.fr\/?cat=1"},{"label":"Escalier dans un espace confin\u00e9","link":"https:\/\/seisson-menuiserie.fr\/?p=1052"}],"_links":{"self":[{"href":"https:\/\/seisson-menuiserie.fr\/index.php?rest_route=\/wp\/v2\/posts\/1052","targetHints":{"allow":["GET"]}}],"collection":[{"href":"https:\/\/seisson-menuiserie.fr\/index.php?rest_route=\/wp\/v2\/posts"}],"about":[{"href":"https:\/\/seisson-menuiserie.fr\/index.php?rest_route=\/wp\/v2\/types\/post"}],"author":[{"embeddable":true,"href":"https:\/\/seisson-menuiserie.fr\/index.php?rest_route=\/wp\/v2\/users\/1"}],"replies":[{"embeddable":true,"href":"https:\/\/seisson-menuiserie.fr\/index.php?rest_route=%2Fwp%2Fv2%2Fcomments&post=1052"}],"version-history":[{"count":1,"href":"https:\/\/seisson-menuiserie.fr\/index.php?rest_route=\/wp\/v2\/posts\/1052\/revisions"}],"predecessor-version":[{"id":1057,"href":"https:\/\/seisson-menuiserie.fr\/index.php?rest_route=\/wp\/v2\/posts\/1052\/revisions\/1057"}],"wp:featuredmedia":[{"embeddable":true,"href":"https:\/\/seisson-menuiserie.fr\/index.php?rest_route=\/wp\/v2\/media\/1055"}],"wp:attachment":[{"href":"https:\/\/seisson-menuiserie.fr\/index.php?rest_route=%2Fwp%2Fv2%2Fmedia&parent=1052"}],"wp:term":[{"taxonomy":"category","embeddable":true,"href":"https:\/\/seisson-menuiserie.fr\/index.php?rest_route=%2Fwp%2Fv2%2Fcategories&post=1052"},{"taxonomy":"post_tag","embeddable":true,"href":"https:\/\/seisson-menuiserie.fr\/index.php?rest_route=%2Fwp%2Fv2%2Ftags&post=1052"}],"curies":[{"name":"wp","href":"https:\/\/api.w.org\/{rel}","templated":true}]}}