{"id":1029,"date":"2025-05-07T07:39:25","date_gmt":"2025-05-07T05:39:25","guid":{"rendered":"https:\/\/seisson-menuiserie.fr\/?p=1029"},"modified":"2025-05-22T18:23:25","modified_gmt":"2025-05-22T16:23:25","slug":"fabrication-et-pose-dune-devanture-traditionnelle","status":"publish","type":"post","link":"https:\/\/seisson-menuiserie.fr\/?p=1029","title":{"rendered":"Fabrication et pose d&rsquo;une devanture traditionnelle"},"content":{"rendered":"\n<p class=\"wp-block-paragraph\">Fabrication et pose d&rsquo;une devanture traditionnelle d&rsquo;une p\u00e2tisserie dans le centre d&rsquo;Annecy !<\/p>\n\n\n\n<p class=\"wp-block-paragraph\">Bravo \u00e0 mon \u00e9quipe pour ce beau travail !<\/p>\n\n\n\n<p class=\"wp-block-paragraph\"><\/p>\n\n\n\n<figure class=\"wp-block-gallery has-nested-images columns-default is-cropped wp-block-gallery-1 is-layout-flex wp-block-gallery-is-layout-flex\">\n<figure class=\"wp-block-image size-large\"><img loading=\"lazy\" decoding=\"async\" width=\"768\" height=\"1024\" data-id=\"1032\" src=\"https:\/\/seisson-menuiserie.fr\/wp-content\/uploads\/2025\/05\/487439272_24070767082513373_7794191964855190718_n-768x1024.jpg\" alt=\"\" class=\"wp-image-1032\" srcset=\"https:\/\/seisson-menuiserie.fr\/wp-content\/uploads\/2025\/05\/487439272_24070767082513373_7794191964855190718_n-768x1024.jpg 768w, https:\/\/seisson-menuiserie.fr\/wp-content\/uploads\/2025\/05\/487439272_24070767082513373_7794191964855190718_n-225x300.jpg 225w, https:\/\/seisson-menuiserie.fr\/wp-content\/uploads\/2025\/05\/487439272_24070767082513373_7794191964855190718_n-1152x1536.jpg 1152w, https:\/\/seisson-menuiserie.fr\/wp-content\/uploads\/2025\/05\/487439272_24070767082513373_7794191964855190718_n-1024x1365.jpg 1024w, https:\/\/seisson-menuiserie.fr\/wp-content\/uploads\/2025\/05\/487439272_24070767082513373_7794191964855190718_n-810x1080.jpg 810w, https:\/\/seisson-menuiserie.fr\/wp-content\/uploads\/2025\/05\/487439272_24070767082513373_7794191964855190718_n.jpg 1200w\" sizes=\"auto, (max-width: 768px) 100vw, 768px\" \/><\/figure>\n\n\n\n<figure class=\"wp-block-image size-large\"><img loading=\"lazy\" decoding=\"async\" width=\"768\" height=\"1024\" data-id=\"1031\" src=\"https:\/\/seisson-menuiserie.fr\/wp-content\/uploads\/2025\/05\/488038154_24070766912513390_3524427026710562927_n-768x1024.jpg\" alt=\"\" class=\"wp-image-1031\" srcset=\"https:\/\/seisson-menuiserie.fr\/wp-content\/uploads\/2025\/05\/488038154_24070766912513390_3524427026710562927_n-768x1024.jpg 768w, https:\/\/seisson-menuiserie.fr\/wp-content\/uploads\/2025\/05\/488038154_24070766912513390_3524427026710562927_n-225x300.jpg 225w, https:\/\/seisson-menuiserie.fr\/wp-content\/uploads\/2025\/05\/488038154_24070766912513390_3524427026710562927_n-1152x1536.jpg 1152w, https:\/\/seisson-menuiserie.fr\/wp-content\/uploads\/2025\/05\/488038154_24070766912513390_3524427026710562927_n-1024x1365.jpg 1024w, https:\/\/seisson-menuiserie.fr\/wp-content\/uploads\/2025\/05\/488038154_24070766912513390_3524427026710562927_n-810x1080.jpg 810w, https:\/\/seisson-menuiserie.fr\/wp-content\/uploads\/2025\/05\/488038154_24070766912513390_3524427026710562927_n.jpg 1200w\" sizes=\"auto, (max-width: 768px) 100vw, 768px\" \/><\/figure>\n\n\n\n<figure class=\"wp-block-image size-large\"><img loading=\"lazy\" decoding=\"async\" width=\"768\" height=\"1024\" data-id=\"1033\" src=\"https:\/\/seisson-menuiserie.fr\/wp-content\/uploads\/2025\/05\/488385604_24070767752513306_7112964094915907583_n-768x1024.jpg\" alt=\"\" class=\"wp-image-1033\" srcset=\"https:\/\/seisson-menuiserie.fr\/wp-content\/uploads\/2025\/05\/488385604_24070767752513306_7112964094915907583_n-768x1024.jpg 768w, https:\/\/seisson-menuiserie.fr\/wp-content\/uploads\/2025\/05\/488385604_24070767752513306_7112964094915907583_n-225x300.jpg 225w, https:\/\/seisson-menuiserie.fr\/wp-content\/uploads\/2025\/05\/488385604_24070767752513306_7112964094915907583_n-1152x1536.jpg 1152w, https:\/\/seisson-menuiserie.fr\/wp-content\/uploads\/2025\/05\/488385604_24070767752513306_7112964094915907583_n-1024x1365.jpg 1024w, https:\/\/seisson-menuiserie.fr\/wp-content\/uploads\/2025\/05\/488385604_24070767752513306_7112964094915907583_n-810x1080.jpg 810w, https:\/\/seisson-menuiserie.fr\/wp-content\/uploads\/2025\/05\/488385604_24070767752513306_7112964094915907583_n.jpg 1200w\" sizes=\"auto, (max-width: 768px) 100vw, 768px\" \/><\/figure>\n\n\n\n<figure class=\"wp-block-image size-large\"><img loading=\"lazy\" decoding=\"async\" width=\"1018\" height=\"1024\" data-id=\"1034\" src=\"https:\/\/seisson-menuiserie.fr\/wp-content\/uploads\/2025\/05\/488710191_24070766699180078_5693078127031349371_n-1018x1024.jpg\" alt=\"\" class=\"wp-image-1034\" srcset=\"https:\/\/seisson-menuiserie.fr\/wp-content\/uploads\/2025\/05\/488710191_24070766699180078_5693078127031349371_n-1018x1024.jpg 1018w, https:\/\/seisson-menuiserie.fr\/wp-content\/uploads\/2025\/05\/488710191_24070766699180078_5693078127031349371_n-298x300.jpg 298w, https:\/\/seisson-menuiserie.fr\/wp-content\/uploads\/2025\/05\/488710191_24070766699180078_5693078127031349371_n-150x150.jpg 150w, https:\/\/seisson-menuiserie.fr\/wp-content\/uploads\/2025\/05\/488710191_24070766699180078_5693078127031349371_n-768x773.jpg 768w, https:\/\/seisson-menuiserie.fr\/wp-content\/uploads\/2025\/05\/488710191_24070766699180078_5693078127031349371_n-1526x1536.jpg 1526w, https:\/\/seisson-menuiserie.fr\/wp-content\/uploads\/2025\/05\/488710191_24070766699180078_5693078127031349371_n-1024x1030.jpg 1024w, https:\/\/seisson-menuiserie.fr\/wp-content\/uploads\/2025\/05\/488710191_24070766699180078_5693078127031349371_n-1073x1080.jpg 1073w, https:\/\/seisson-menuiserie.fr\/wp-content\/uploads\/2025\/05\/488710191_24070766699180078_5693078127031349371_n.jpg 1590w\" sizes=\"auto, (max-width: 1018px) 100vw, 1018px\" \/><\/figure>\n<\/figure>\n","protected":false},"excerpt":{"rendered":"<p>Fabrication et pose d&rsquo;une devanture traditionnelle d&rsquo;une p\u00e2tisserie dans le centre d&rsquo;Annecy ! Bravo \u00e0 mon \u00e9quipe pour ce beau travail !<\/p>\n","protected":false},"author":1,"featured_media":1051,"comment_status":"closed","ping_status":"open","sticky":false,"template":"","format":"standard","meta":{"om_disable_all_campaigns":false,"_monsterinsights_skip_tracking":false,"_uf_show_specific_survey":0,"_uf_disable_surveys":false,"footnotes":"","_wpscppro_dont_share_socialmedia":false,"_wpscppro_custom_social_share_image":0,"_facebook_share_type":"","_twitter_share_type":"","_linkedin_share_type":"","_pinterest_share_type":"","_linkedin_share_type_page":"","_instagram_share_type":"","_medium_share_type":"","_threads_share_type":"","_google_business_share_type":"","_bluesky_share_type":"","_mastodon_share_type":"","_selected_social_profile":[],"_wpsp_enable_custom_social_template":false,"_wpsp_social_scheduling":{"enabled":false,"datetime":null,"platforms":[],"status":"template_only","dateOption":"today","timeOption":"now","customDays":"","customHours":"","customDate":"","customTime":"","schedulingType":"absolute"},"_wpsp_active_default_template":true},"categories":[1],"tags":[],"class_list":["post-1029","post","type-post","status-publish","format-standard","has-post-thumbnail","hentry","category-non-classe"],"aioseo_notices":[],"aioseo_head":"\n\t\t<!-- All in One SEO 5.0.1.1 - aioseo.com -->\n\t<meta name=\"description\" content=\"Fabrication et pose d&#039;une devanture traditionnelle d&#039;une p\u00e2tisserie dans le centre d&#039;Annecy ! Bravo \u00e0 mon \u00e9quipe pour ce beau travail !\" \/>\n\t<meta name=\"robots\" content=\"max-image-preview:large\" \/>\n\t<meta name=\"author\" content=\"seissoe\"\/>\n\t<link rel=\"canonical\" href=\"https:\/\/seisson-menuiserie.fr\/?p=1029\" \/>\n\t<meta name=\"generator\" content=\"All in One SEO (AIOSEO) 5.0.1.1\" \/>\n\t\t<meta property=\"og:locale\" content=\"fr_FR\" \/>\n\t\t<meta property=\"og:site_name\" content=\"Seisson Menuiserie -\" \/>\n\t\t<meta property=\"og:type\" content=\"article\" \/>\n\t\t<meta property=\"og:title\" content=\"Fabrication et pose d\u2019une devanture traditionnelle\" \/>\n\t\t<meta property=\"og:description\" content=\"Fabrication et pose d&#039;une devanture traditionnelle d&#039;une p\u00e2tisserie dans le centre d&#039;Annecy ! Bravo \u00e0 mon \u00e9quipe pour ce beau travail !\" \/>\n\t\t<meta property=\"og:url\" content=\"https:\/\/seisson-menuiserie.fr\/?p=1029\" \/>\n\t\t<meta property=\"og:image\" content=\"https:\/\/seisson-menuiserie.fr\/wp-content\/uploads\/2025\/05\/497351727_17889238467247657_5896976749308980312_n.jpg\" \/>\n\t\t<meta property=\"og:image:secure_url\" content=\"https:\/\/seisson-menuiserie.fr\/wp-content\/uploads\/2025\/05\/497351727_17889238467247657_5896976749308980312_n.jpg\" \/>\n\t\t<meta property=\"og:image:width\" content=\"1440\" \/>\n\t\t<meta property=\"og:image:height\" content=\"1800\" \/>\n\t\t<meta property=\"article:published_time\" content=\"2025-05-07T05:39:25+00:00\" \/>\n\t\t<meta property=\"article:modified_time\" content=\"2025-05-22T16:23:25+00:00\" \/>\n\t\t<meta property=\"article:publisher\" content=\"https:\/\/www.facebook.com\/search\/top?q=seissonmenuiserie\" \/>\n\t\t<meta name=\"twitter:card\" content=\"summary_large_image\" \/>\n\t\t<meta name=\"twitter:title\" content=\"Fabrication et pose d\u2019une devanture traditionnelle\" \/>\n\t\t<meta name=\"twitter:description\" content=\"Fabrication et pose d&#039;une devanture traditionnelle d&#039;une p\u00e2tisserie dans le centre d&#039;Annecy ! Bravo \u00e0 mon \u00e9quipe pour ce beau travail !\" \/>\n\t\t<meta name=\"twitter:image\" content=\"https:\/\/seisson-menuiserie.fr\/wp-content\/uploads\/2025\/05\/497351727_17889238467247657_5896976749308980312_n.jpg\" \/>\n\t\t<script type=\"application\/ld+json\" class=\"aioseo-schema\">\n\t\t\t{\"@context\":\"https:\\\/\\\/schema.org\",\"@graph\":[{\"@type\":\"BlogPosting\",\"@id\":\"https:\\\/\\\/seisson-menuiserie.fr\\\/?p=1029#blogposting\",\"name\":\"Fabrication et pose d\\u2019une devanture traditionnelle\",\"headline\":\"Fabrication et pose d&rsquo;une devanture traditionnelle\",\"author\":{\"@id\":\"https:\\\/\\\/seisson-menuiserie.fr\\\/?author=1#author\"},\"publisher\":{\"@id\":\"https:\\\/\\\/seisson-menuiserie.fr\\\/#organization\"},\"image\":{\"@type\":\"ImageObject\",\"url\":\"https:\\\/\\\/seisson-menuiserie.fr\\\/wp-content\\\/uploads\\\/2025\\\/05\\\/497351727_17889238467247657_5896976749308980312_n.jpg\",\"width\":1440,\"height\":1800},\"datePublished\":\"2025-05-07T07:39:25+02:00\",\"dateModified\":\"2025-05-22T18:23:25+02:00\",\"inLanguage\":\"fr-FR\",\"mainEntityOfPage\":{\"@id\":\"https:\\\/\\\/seisson-menuiserie.fr\\\/?p=1029#webpage\"},\"isPartOf\":{\"@id\":\"https:\\\/\\\/seisson-menuiserie.fr\\\/?p=1029#webpage\"},\"articleSection\":\"Non class\\u00e9\"},{\"@type\":\"BreadcrumbList\",\"@id\":\"https:\\\/\\\/seisson-menuiserie.fr\\\/?p=1029#breadcrumblist\",\"itemListElement\":[{\"@type\":\"ListItem\",\"@id\":\"https:\\\/\\\/seisson-menuiserie.fr#listItem\",\"position\":1,\"name\":\"Home\",\"item\":\"https:\\\/\\\/seisson-menuiserie.fr\",\"nextItem\":{\"@type\":\"ListItem\",\"@id\":\"https:\\\/\\\/seisson-menuiserie.fr\\\/?cat=1#listItem\",\"name\":\"Non class\\u00e9\"}},{\"@type\":\"ListItem\",\"@id\":\"https:\\\/\\\/seisson-menuiserie.fr\\\/?cat=1#listItem\",\"position\":2,\"name\":\"Non class\\u00e9\",\"item\":\"https:\\\/\\\/seisson-menuiserie.fr\\\/?cat=1\",\"nextItem\":{\"@type\":\"ListItem\",\"@id\":\"https:\\\/\\\/seisson-menuiserie.fr\\\/?p=1029#listItem\",\"name\":\"Fabrication et pose d&rsquo;une devanture traditionnelle\"},\"previousItem\":{\"@type\":\"ListItem\",\"@id\":\"https:\\\/\\\/seisson-menuiserie.fr#listItem\",\"name\":\"Home\"}},{\"@type\":\"ListItem\",\"@id\":\"https:\\\/\\\/seisson-menuiserie.fr\\\/?p=1029#listItem\",\"position\":3,\"name\":\"Fabrication et pose d&rsquo;une devanture traditionnelle\",\"previousItem\":{\"@type\":\"ListItem\",\"@id\":\"https:\\\/\\\/seisson-menuiserie.fr\\\/?cat=1#listItem\",\"name\":\"Non class\\u00e9\"}}]},{\"@type\":\"Organization\",\"@id\":\"https:\\\/\\\/seisson-menuiserie.fr\\\/#organization\",\"name\":\"Seisson Menuiserie\",\"url\":\"https:\\\/\\\/seisson-menuiserie.fr\\\/\",\"logo\":{\"@type\":\"ImageObject\",\"url\":\"https:\\\/\\\/seisson-menuiserie.fr\\\/wp-content\\\/uploads\\\/2022\\\/10\\\/logo-accueil-1-scaled.jpg\",\"@id\":\"https:\\\/\\\/seisson-menuiserie.fr\\\/?p=1029\\\/#organizationLogo\",\"width\":2560,\"height\":731},\"image\":{\"@id\":\"https:\\\/\\\/seisson-menuiserie.fr\\\/?p=1029\\\/#organizationLogo\"},\"sameAs\":[\"https:\\\/\\\/www.facebook.com\\\/search\\\/top?q=seissonmenuiserie\",\"https:\\\/\\\/www.instagram.com\\\/seisson_menuiserie\\\/\"]},{\"@type\":\"Person\",\"@id\":\"https:\\\/\\\/seisson-menuiserie.fr\\\/?author=1#author\",\"url\":\"https:\\\/\\\/seisson-menuiserie.fr\\\/?author=1\",\"name\":\"seissoe\",\"image\":{\"@type\":\"ImageObject\",\"@id\":\"https:\\\/\\\/seisson-menuiserie.fr\\\/?p=1029#authorImage\",\"url\":\"https:\\\/\\\/secure.gravatar.com\\\/avatar\\\/29f877c9cbab61e3a4ff36126e6b3acabe023bb53c6a2ffefc7ef28300542267?s=96&d=mm&r=g\",\"width\":96,\"height\":96,\"caption\":\"seissoe\"}},{\"@type\":\"WebPage\",\"@id\":\"https:\\\/\\\/seisson-menuiserie.fr\\\/?p=1029#webpage\",\"url\":\"https:\\\/\\\/seisson-menuiserie.fr\\\/?p=1029\",\"name\":\"Fabrication et pose d\\u2019une devanture traditionnelle\",\"description\":\"Fabrication et pose d'une devanture traditionnelle d'une p\\u00e2tisserie dans le centre d'Annecy ! Bravo \\u00e0 mon \\u00e9quipe pour ce beau travail !\",\"inLanguage\":\"fr-FR\",\"isPartOf\":{\"@id\":\"https:\\\/\\\/seisson-menuiserie.fr\\\/#website\"},\"breadcrumb\":{\"@id\":\"https:\\\/\\\/seisson-menuiserie.fr\\\/?p=1029#breadcrumblist\"},\"author\":{\"@id\":\"https:\\\/\\\/seisson-menuiserie.fr\\\/?author=1#author\"},\"creator\":{\"@id\":\"https:\\\/\\\/seisson-menuiserie.fr\\\/?author=1#author\"},\"image\":{\"@type\":\"ImageObject\",\"url\":\"https:\\\/\\\/seisson-menuiserie.fr\\\/wp-content\\\/uploads\\\/2025\\\/05\\\/497351727_17889238467247657_5896976749308980312_n.jpg\",\"@id\":\"https:\\\/\\\/seisson-menuiserie.fr\\\/?p=1029\\\/#mainImage\",\"width\":1440,\"height\":1800},\"primaryImageOfPage\":{\"@id\":\"https:\\\/\\\/seisson-menuiserie.fr\\\/?p=1029#mainImage\"},\"datePublished\":\"2025-05-07T07:39:25+02:00\",\"dateModified\":\"2025-05-22T18:23:25+02:00\"},{\"@type\":\"WebSite\",\"@id\":\"https:\\\/\\\/seisson-menuiserie.fr\\\/#website\",\"url\":\"https:\\\/\\\/seisson-menuiserie.fr\\\/\",\"name\":\"Seisson Menuiserie\",\"inLanguage\":\"fr-FR\",\"publisher\":{\"@id\":\"https:\\\/\\\/seisson-menuiserie.fr\\\/#organization\"}}]}\n\t\t<\/script>\n\t\t<!-- All in One SEO -->\n\n","aioseo_head_json":{"title":"Fabrication et pose d\u2019une devanture traditionnelle","description":"Fabrication et pose d'une devanture traditionnelle d'une p\u00e2tisserie dans le centre d'Annecy ! Bravo \u00e0 mon \u00e9quipe pour ce beau travail !","canonical_url":"https:\/\/seisson-menuiserie.fr\/?p=1029","robots":"max-image-preview:large","keywords":"","webmasterTools":{"miscellaneous":""},"schema":{"@context":"https:\/\/schema.org","@graph":[{"@type":"BlogPosting","@id":"https:\/\/seisson-menuiserie.fr\/?p=1029#blogposting","name":"Fabrication et pose d\u2019une devanture traditionnelle","headline":"Fabrication et pose d&rsquo;une devanture traditionnelle","author":{"@id":"https:\/\/seisson-menuiserie.fr\/?author=1#author"},"publisher":{"@id":"https:\/\/seisson-menuiserie.fr\/#organization"},"image":{"@type":"ImageObject","url":"https:\/\/seisson-menuiserie.fr\/wp-content\/uploads\/2025\/05\/497351727_17889238467247657_5896976749308980312_n.jpg","width":1440,"height":1800},"datePublished":"2025-05-07T07:39:25+02:00","dateModified":"2025-05-22T18:23:25+02:00","inLanguage":"fr-FR","mainEntityOfPage":{"@id":"https:\/\/seisson-menuiserie.fr\/?p=1029#webpage"},"isPartOf":{"@id":"https:\/\/seisson-menuiserie.fr\/?p=1029#webpage"},"articleSection":"Non class\u00e9"},{"@type":"BreadcrumbList","@id":"https:\/\/seisson-menuiserie.fr\/?p=1029#breadcrumblist","itemListElement":[{"@type":"ListItem","@id":"https:\/\/seisson-menuiserie.fr#listItem","position":1,"name":"Home","item":"https:\/\/seisson-menuiserie.fr","nextItem":{"@type":"ListItem","@id":"https:\/\/seisson-menuiserie.fr\/?cat=1#listItem","name":"Non class\u00e9"}},{"@type":"ListItem","@id":"https:\/\/seisson-menuiserie.fr\/?cat=1#listItem","position":2,"name":"Non class\u00e9","item":"https:\/\/seisson-menuiserie.fr\/?cat=1","nextItem":{"@type":"ListItem","@id":"https:\/\/seisson-menuiserie.fr\/?p=1029#listItem","name":"Fabrication et pose d&rsquo;une devanture traditionnelle"},"previousItem":{"@type":"ListItem","@id":"https:\/\/seisson-menuiserie.fr#listItem","name":"Home"}},{"@type":"ListItem","@id":"https:\/\/seisson-menuiserie.fr\/?p=1029#listItem","position":3,"name":"Fabrication et pose d&rsquo;une devanture traditionnelle","previousItem":{"@type":"ListItem","@id":"https:\/\/seisson-menuiserie.fr\/?cat=1#listItem","name":"Non class\u00e9"}}]},{"@type":"Organization","@id":"https:\/\/seisson-menuiserie.fr\/#organization","name":"Seisson Menuiserie","url":"https:\/\/seisson-menuiserie.fr\/","logo":{"@type":"ImageObject","url":"https:\/\/seisson-menuiserie.fr\/wp-content\/uploads\/2022\/10\/logo-accueil-1-scaled.jpg","@id":"https:\/\/seisson-menuiserie.fr\/?p=1029\/#organizationLogo","width":2560,"height":731},"image":{"@id":"https:\/\/seisson-menuiserie.fr\/?p=1029\/#organizationLogo"},"sameAs":["https:\/\/www.facebook.com\/search\/top?q=seissonmenuiserie","https:\/\/www.instagram.com\/seisson_menuiserie\/"]},{"@type":"Person","@id":"https:\/\/seisson-menuiserie.fr\/?author=1#author","url":"https:\/\/seisson-menuiserie.fr\/?author=1","name":"seissoe","image":{"@type":"ImageObject","@id":"https:\/\/seisson-menuiserie.fr\/?p=1029#authorImage","url":"https:\/\/secure.gravatar.com\/avatar\/29f877c9cbab61e3a4ff36126e6b3acabe023bb53c6a2ffefc7ef28300542267?s=96&d=mm&r=g","width":96,"height":96,"caption":"seissoe"}},{"@type":"WebPage","@id":"https:\/\/seisson-menuiserie.fr\/?p=1029#webpage","url":"https:\/\/seisson-menuiserie.fr\/?p=1029","name":"Fabrication et pose d\u2019une devanture traditionnelle","description":"Fabrication et pose d'une devanture traditionnelle d'une p\u00e2tisserie dans le centre d'Annecy ! Bravo \u00e0 mon \u00e9quipe pour ce beau travail !","inLanguage":"fr-FR","isPartOf":{"@id":"https:\/\/seisson-menuiserie.fr\/#website"},"breadcrumb":{"@id":"https:\/\/seisson-menuiserie.fr\/?p=1029#breadcrumblist"},"author":{"@id":"https:\/\/seisson-menuiserie.fr\/?author=1#author"},"creator":{"@id":"https:\/\/seisson-menuiserie.fr\/?author=1#author"},"image":{"@type":"ImageObject","url":"https:\/\/seisson-menuiserie.fr\/wp-content\/uploads\/2025\/05\/497351727_17889238467247657_5896976749308980312_n.jpg","@id":"https:\/\/seisson-menuiserie.fr\/?p=1029\/#mainImage","width":1440,"height":1800},"primaryImageOfPage":{"@id":"https:\/\/seisson-menuiserie.fr\/?p=1029#mainImage"},"datePublished":"2025-05-07T07:39:25+02:00","dateModified":"2025-05-22T18:23:25+02:00"},{"@type":"WebSite","@id":"https:\/\/seisson-menuiserie.fr\/#website","url":"https:\/\/seisson-menuiserie.fr\/","name":"Seisson Menuiserie","inLanguage":"fr-FR","publisher":{"@id":"https:\/\/seisson-menuiserie.fr\/#organization"}}]},"og:locale":"fr_FR","og:site_name":"Seisson Menuiserie -","og:type":"article","og:title":"Fabrication et pose d\u2019une devanture traditionnelle","og:description":"Fabrication et pose d'une devanture traditionnelle d'une p\u00e2tisserie dans le centre d'Annecy ! Bravo \u00e0 mon \u00e9quipe pour ce beau travail !","og:url":"https:\/\/seisson-menuiserie.fr\/?p=1029","og:image":"https:\/\/seisson-menuiserie.fr\/wp-content\/uploads\/2025\/05\/497351727_17889238467247657_5896976749308980312_n.jpg","og:image:secure_url":"https:\/\/seisson-menuiserie.fr\/wp-content\/uploads\/2025\/05\/497351727_17889238467247657_5896976749308980312_n.jpg","og:image:width":"1440","og:image:height":"1800","article:published_time":"2025-05-07T05:39:25+00:00","article:modified_time":"2025-05-22T16:23:25+00:00","article:publisher":"https:\/\/www.facebook.com\/search\/top?q=seissonmenuiserie","twitter:card":"summary_large_image","twitter:title":"Fabrication et pose d\u2019une devanture traditionnelle","twitter:description":"Fabrication et pose d'une devanture traditionnelle d'une p\u00e2tisserie dans le centre d'Annecy ! Bravo \u00e0 mon \u00e9quipe pour ce beau travail !","twitter:image":"https:\/\/seisson-menuiserie.fr\/wp-content\/uploads\/2025\/05\/497351727_17889238467247657_5896976749308980312_n.jpg"},"aioseo_meta_data":{"post_id":"1029","title":"#post_title","description":null,"keywords":null,"keyphrases":{"focus":{"keyphrase":"Devanture traditionnelle","score":94},"additional":[]},"primary_term":null,"canonical_url":null,"og_title":null,"og_description":null,"og_object_type":"default","og_image_type":"featured","og_image_url":"http:\/\/seisson-menuiserie.fr\/wp-content\/uploads\/2025\/05\/497351727_17889238467247657_5896976749308980312_n.jpg","og_image_width":"1440","og_image_height":"1800","og_image_custom_url":null,"og_image_custom_fields":null,"og_video":"","og_custom_url":null,"og_article_section":null,"og_article_tags":null,"twitter_use_og":false,"twitter_card":"default","twitter_image_type":"featured","twitter_image_url":"http:\/\/seisson-menuiserie.fr\/wp-content\/uploads\/2025\/05\/497351727_17889238467247657_5896976749308980312_n.jpg","twitter_image_custom_url":null,"twitter_image_custom_fields":null,"twitter_title":null,"twitter_description":null,"schema":{"blockGraphs":[],"customGraphs":[],"default":{"data":{"Article":[],"Course":[],"Dataset":[],"FAQPage":[],"Movie":[],"Person":[],"Product":[],"ProductReview":[],"Car":[],"Recipe":[],"Service":[],"SoftwareApplication":[],"WebPage":[]},"graphName":"BlogPosting","isEnabled":true},"graphs":[]},"schema_type":"default","schema_type_options":null,"pillar_content":false,"robots_default":true,"robots_noindex":false,"robots_noarchive":false,"robots_nosnippet":false,"robots_nofollow":false,"robots_noimageindex":false,"robots_noodp":false,"robots_notranslate":false,"robots_max_snippet":"-1","robots_max_videopreview":"-1","robots_max_imagepreview":"large","priority":null,"frequency":"default","local_seo":null,"breadcrumb_settings":null,"limit_modified_date":false,"ai":null,"created":"2025-05-07 05:39:28","updated":"2026-09-02 11:50:19","focus_keyword":"Devanture traditionnelle","additional_keywords":null,"truseo_locale":null,"seo_analyzer_scan_date":null},"aioseo_breadcrumb":"<div class=\"aioseo-breadcrumbs\"><span class=\"aioseo-breadcrumb\">\n\t\t\t<a href=\"https:\/\/seisson-menuiserie.fr\" title=\"Home\">Home<\/a>\n\t\t<\/span><span class=\"aioseo-breadcrumb-separator\">&raquo;<\/span><span class=\"aioseo-breadcrumb\">\n\t\t\t<a href=\"https:\/\/seisson-menuiserie.fr\/?cat=1\" title=\"Non class\u00e9\">Non class\u00e9<\/a>\n\t\t<\/span><span class=\"aioseo-breadcrumb-separator\">&raquo;<\/span><span class=\"aioseo-breadcrumb\">\n\t\t\tFabrication et pose d\u2019une devanture traditionnelle\n\t\t<\/span><\/div>","aioseo_breadcrumb_json":[{"label":"Home","link":"https:\/\/seisson-menuiserie.fr"},{"label":"Non class\u00e9","link":"https:\/\/seisson-menuiserie.fr\/?cat=1"},{"label":"Fabrication et pose d&rsquo;une devanture traditionnelle","link":"https:\/\/seisson-menuiserie.fr\/?p=1029"}],"_links":{"self":[{"href":"https:\/\/seisson-menuiserie.fr\/index.php?rest_route=\/wp\/v2\/posts\/1029","targetHints":{"allow":["GET"]}}],"collection":[{"href":"https:\/\/seisson-menuiserie.fr\/index.php?rest_route=\/wp\/v2\/posts"}],"about":[{"href":"https:\/\/seisson-menuiserie.fr\/index.php?rest_route=\/wp\/v2\/types\/post"}],"author":[{"embeddable":true,"href":"https:\/\/seisson-menuiserie.fr\/index.php?rest_route=\/wp\/v2\/users\/1"}],"replies":[{"embeddable":true,"href":"https:\/\/seisson-menuiserie.fr\/index.php?rest_route=%2Fwp%2Fv2%2Fcomments&post=1029"}],"version-history":[{"count":1,"href":"https:\/\/seisson-menuiserie.fr\/index.php?rest_route=\/wp\/v2\/posts\/1029\/revisions"}],"predecessor-version":[{"id":1035,"href":"https:\/\/seisson-menuiserie.fr\/index.php?rest_route=\/wp\/v2\/posts\/1029\/revisions\/1035"}],"wp:featuredmedia":[{"embeddable":true,"href":"https:\/\/seisson-menuiserie.fr\/index.php?rest_route=\/wp\/v2\/media\/1051"}],"wp:attachment":[{"href":"https:\/\/seisson-menuiserie.fr\/index.php?rest_route=%2Fwp%2Fv2%2Fmedia&parent=1029"}],"wp:term":[{"taxonomy":"category","embeddable":true,"href":"https:\/\/seisson-menuiserie.fr\/index.php?rest_route=%2Fwp%2Fv2%2Fcategories&post=1029"},{"taxonomy":"post_tag","embeddable":true,"href":"https:\/\/seisson-menuiserie.fr\/index.php?rest_route=%2Fwp%2Fv2%2Ftags&post=1029"}],"curies":[{"name":"wp","href":"https:\/\/api.w.org\/{rel}","templated":true}]}}