{"id":1018,"date":"2024-11-24T17:36:14","date_gmt":"2024-11-24T16:36:14","guid":{"rendered":"https:\/\/seisson-menuiserie.fr\/?p=1018"},"modified":"2024-11-24T17:36:16","modified_gmt":"2024-11-24T16:36:16","slug":"fabrication-de-menuiseries-sur-mesure","status":"publish","type":"post","link":"https:\/\/seisson-menuiserie.fr\/?p=1018","title":{"rendered":"Fabrication de menuiseries sur mesure"},"content":{"rendered":"\n<p class=\"wp-block-paragraph\">Menuiseries sur mesure dans une ancienne chapelle d&rsquo;un ch\u00e2teau r\u00e9habilit\u00e9 en habitation.<br>Menuiseries dessin\u00e9es par les clients.<\/p>\n\n\n\n<figure class=\"wp-block-gallery has-nested-images columns-default is-cropped wp-block-gallery-1 is-layout-flex wp-block-gallery-is-layout-flex\">\n<figure class=\"wp-block-image size-large\"><img loading=\"lazy\" decoding=\"async\" width=\"461\" height=\"1024\" data-id=\"1004\" src=\"https:\/\/seisson-menuiserie.fr\/wp-content\/uploads\/2024\/11\/PHOTO-2024-11-13-19-28-07-4-461x1024.jpg\" alt=\"\" class=\"wp-image-1004\" srcset=\"https:\/\/seisson-menuiserie.fr\/wp-content\/uploads\/2024\/11\/PHOTO-2024-11-13-19-28-07-4-461x1024.jpg 461w, https:\/\/seisson-menuiserie.fr\/wp-content\/uploads\/2024\/11\/PHOTO-2024-11-13-19-28-07-4-135x300.jpg 135w, https:\/\/seisson-menuiserie.fr\/wp-content\/uploads\/2024\/11\/PHOTO-2024-11-13-19-28-07-4-692x1536.jpg 692w, https:\/\/seisson-menuiserie.fr\/wp-content\/uploads\/2024\/11\/PHOTO-2024-11-13-19-28-07-4.jpg 721w\" sizes=\"auto, (max-width: 461px) 100vw, 461px\" \/><\/figure>\n\n\n\n<figure class=\"wp-block-image size-large\"><img loading=\"lazy\" decoding=\"async\" width=\"461\" height=\"1024\" data-id=\"1003\" src=\"https:\/\/seisson-menuiserie.fr\/wp-content\/uploads\/2024\/11\/PHOTO-2024-11-13-19-28-07-3-461x1024.jpg\" alt=\"\" class=\"wp-image-1003\" srcset=\"https:\/\/seisson-menuiserie.fr\/wp-content\/uploads\/2024\/11\/PHOTO-2024-11-13-19-28-07-3-461x1024.jpg 461w, https:\/\/seisson-menuiserie.fr\/wp-content\/uploads\/2024\/11\/PHOTO-2024-11-13-19-28-07-3-135x300.jpg 135w, https:\/\/seisson-menuiserie.fr\/wp-content\/uploads\/2024\/11\/PHOTO-2024-11-13-19-28-07-3-692x1536.jpg 692w, https:\/\/seisson-menuiserie.fr\/wp-content\/uploads\/2024\/11\/PHOTO-2024-11-13-19-28-07-3.jpg 721w\" sizes=\"auto, (max-width: 461px) 100vw, 461px\" \/><\/figure>\n\n\n\n<figure class=\"wp-block-image size-large\"><img loading=\"lazy\" decoding=\"async\" width=\"461\" height=\"1024\" data-id=\"1002\" src=\"https:\/\/seisson-menuiserie.fr\/wp-content\/uploads\/2024\/11\/PHOTO-2024-11-13-19-28-07-2-461x1024.jpg\" alt=\"\" class=\"wp-image-1002\" srcset=\"https:\/\/seisson-menuiserie.fr\/wp-content\/uploads\/2024\/11\/PHOTO-2024-11-13-19-28-07-2-461x1024.jpg 461w, https:\/\/seisson-menuiserie.fr\/wp-content\/uploads\/2024\/11\/PHOTO-2024-11-13-19-28-07-2-135x300.jpg 135w, https:\/\/seisson-menuiserie.fr\/wp-content\/uploads\/2024\/11\/PHOTO-2024-11-13-19-28-07-2-692x1536.jpg 692w, https:\/\/seisson-menuiserie.fr\/wp-content\/uploads\/2024\/11\/PHOTO-2024-11-13-19-28-07-2.jpg 721w\" sizes=\"auto, (max-width: 461px) 100vw, 461px\" \/><\/figure>\n\n\n\n<figure class=\"wp-block-image size-large\"><img loading=\"lazy\" decoding=\"async\" width=\"461\" height=\"1024\" data-id=\"1014\" src=\"https:\/\/seisson-menuiserie.fr\/wp-content\/uploads\/2024\/11\/PHOTO-2024-11-13-19-28-08-461x1024.jpg\" alt=\"\" class=\"wp-image-1014\" srcset=\"https:\/\/seisson-menuiserie.fr\/wp-content\/uploads\/2024\/11\/PHOTO-2024-11-13-19-28-08-461x1024.jpg 461w, https:\/\/seisson-menuiserie.fr\/wp-content\/uploads\/2024\/11\/PHOTO-2024-11-13-19-28-08-135x300.jpg 135w, https:\/\/seisson-menuiserie.fr\/wp-content\/uploads\/2024\/11\/PHOTO-2024-11-13-19-28-08-692x1536.jpg 692w, https:\/\/seisson-menuiserie.fr\/wp-content\/uploads\/2024\/11\/PHOTO-2024-11-13-19-28-08.jpg 721w\" sizes=\"auto, (max-width: 461px) 100vw, 461px\" \/><\/figure>\n\n\n\n<figure class=\"wp-block-image size-large\"><img loading=\"lazy\" decoding=\"async\" width=\"576\" height=\"1024\" data-id=\"1013\" src=\"https:\/\/seisson-menuiserie.fr\/wp-content\/uploads\/2024\/11\/PHOTO-2024-11-13-19-28-08-9-576x1024.jpg\" alt=\"\" class=\"wp-image-1013\" srcset=\"https:\/\/seisson-menuiserie.fr\/wp-content\/uploads\/2024\/11\/PHOTO-2024-11-13-19-28-08-9-576x1024.jpg 576w, https:\/\/seisson-menuiserie.fr\/wp-content\/uploads\/2024\/11\/PHOTO-2024-11-13-19-28-08-9-169x300.jpg 169w, https:\/\/seisson-menuiserie.fr\/wp-content\/uploads\/2024\/11\/PHOTO-2024-11-13-19-28-08-9-768x1365.jpg 768w, https:\/\/seisson-menuiserie.fr\/wp-content\/uploads\/2024\/11\/PHOTO-2024-11-13-19-28-08-9-864x1536.jpg 864w, https:\/\/seisson-menuiserie.fr\/wp-content\/uploads\/2024\/11\/PHOTO-2024-11-13-19-28-08-9-608x1080.jpg 608w, https:\/\/seisson-menuiserie.fr\/wp-content\/uploads\/2024\/11\/PHOTO-2024-11-13-19-28-08-9.jpg 900w\" sizes=\"auto, (max-width: 576px) 100vw, 576px\" \/><\/figure>\n\n\n\n<figure class=\"wp-block-image size-large\"><img loading=\"lazy\" decoding=\"async\" width=\"576\" height=\"1024\" data-id=\"1012\" src=\"https:\/\/seisson-menuiserie.fr\/wp-content\/uploads\/2024\/11\/PHOTO-2024-11-13-19-28-08-8-576x1024.jpg\" alt=\"\" class=\"wp-image-1012\" srcset=\"https:\/\/seisson-menuiserie.fr\/wp-content\/uploads\/2024\/11\/PHOTO-2024-11-13-19-28-08-8-576x1024.jpg 576w, https:\/\/seisson-menuiserie.fr\/wp-content\/uploads\/2024\/11\/PHOTO-2024-11-13-19-28-08-8-169x300.jpg 169w, https:\/\/seisson-menuiserie.fr\/wp-content\/uploads\/2024\/11\/PHOTO-2024-11-13-19-28-08-8-768x1365.jpg 768w, https:\/\/seisson-menuiserie.fr\/wp-content\/uploads\/2024\/11\/PHOTO-2024-11-13-19-28-08-8-864x1536.jpg 864w, https:\/\/seisson-menuiserie.fr\/wp-content\/uploads\/2024\/11\/PHOTO-2024-11-13-19-28-08-8-608x1080.jpg 608w, https:\/\/seisson-menuiserie.fr\/wp-content\/uploads\/2024\/11\/PHOTO-2024-11-13-19-28-08-8.jpg 900w\" sizes=\"auto, (max-width: 576px) 100vw, 576px\" \/><\/figure>\n\n\n\n<figure class=\"wp-block-image size-large\"><img loading=\"lazy\" decoding=\"async\" width=\"1024\" height=\"576\" data-id=\"1011\" src=\"https:\/\/seisson-menuiserie.fr\/wp-content\/uploads\/2024\/11\/PHOTO-2024-11-13-19-28-08-7-1024x576.jpg\" alt=\"\" class=\"wp-image-1011\" srcset=\"https:\/\/seisson-menuiserie.fr\/wp-content\/uploads\/2024\/11\/PHOTO-2024-11-13-19-28-08-7-1024x576.jpg 1024w, https:\/\/seisson-menuiserie.fr\/wp-content\/uploads\/2024\/11\/PHOTO-2024-11-13-19-28-08-7-300x169.jpg 300w, https:\/\/seisson-menuiserie.fr\/wp-content\/uploads\/2024\/11\/PHOTO-2024-11-13-19-28-08-7-768x432.jpg 768w, https:\/\/seisson-menuiserie.fr\/wp-content\/uploads\/2024\/11\/PHOTO-2024-11-13-19-28-08-7-1536x864.jpg 1536w, https:\/\/seisson-menuiserie.fr\/wp-content\/uploads\/2024\/11\/PHOTO-2024-11-13-19-28-08-7.jpg 1600w\" sizes=\"auto, (max-width: 1024px) 100vw, 1024px\" \/><\/figure>\n\n\n\n<figure class=\"wp-block-image size-large\"><img loading=\"lazy\" decoding=\"async\" width=\"768\" height=\"1024\" data-id=\"1010\" src=\"https:\/\/seisson-menuiserie.fr\/wp-content\/uploads\/2024\/11\/PHOTO-2024-11-13-19-28-08-6-768x1024.jpg\" alt=\"\" class=\"wp-image-1010\" srcset=\"https:\/\/seisson-menuiserie.fr\/wp-content\/uploads\/2024\/11\/PHOTO-2024-11-13-19-28-08-6-768x1024.jpg 768w, https:\/\/seisson-menuiserie.fr\/wp-content\/uploads\/2024\/11\/PHOTO-2024-11-13-19-28-08-6-225x300.jpg 225w, https:\/\/seisson-menuiserie.fr\/wp-content\/uploads\/2024\/11\/PHOTO-2024-11-13-19-28-08-6-1152x1536.jpg 1152w, https:\/\/seisson-menuiserie.fr\/wp-content\/uploads\/2024\/11\/PHOTO-2024-11-13-19-28-08-6-1024x1365.jpg 1024w, https:\/\/seisson-menuiserie.fr\/wp-content\/uploads\/2024\/11\/PHOTO-2024-11-13-19-28-08-6-810x1080.jpg 810w, https:\/\/seisson-menuiserie.fr\/wp-content\/uploads\/2024\/11\/PHOTO-2024-11-13-19-28-08-6.jpg 1200w\" sizes=\"auto, (max-width: 768px) 100vw, 768px\" \/><\/figure>\n\n\n\n<figure class=\"wp-block-image size-large\"><img loading=\"lazy\" decoding=\"async\" width=\"461\" height=\"1024\" data-id=\"1006\" src=\"https:\/\/seisson-menuiserie.fr\/wp-content\/uploads\/2024\/11\/PHOTO-2024-11-13-19-28-08-2-461x1024.jpg\" alt=\"\" class=\"wp-image-1006\" srcset=\"https:\/\/seisson-menuiserie.fr\/wp-content\/uploads\/2024\/11\/PHOTO-2024-11-13-19-28-08-2-461x1024.jpg 461w, https:\/\/seisson-menuiserie.fr\/wp-content\/uploads\/2024\/11\/PHOTO-2024-11-13-19-28-08-2-135x300.jpg 135w, https:\/\/seisson-menuiserie.fr\/wp-content\/uploads\/2024\/11\/PHOTO-2024-11-13-19-28-08-2-692x1536.jpg 692w, https:\/\/seisson-menuiserie.fr\/wp-content\/uploads\/2024\/11\/PHOTO-2024-11-13-19-28-08-2.jpg 721w\" sizes=\"auto, (max-width: 461px) 100vw, 461px\" \/><\/figure>\n<\/figure>\n\n\n\n<p class=\"wp-block-paragraph\"><\/p>\n","protected":false},"excerpt":{"rendered":"<p>Menuiseries sur mesure dans une ancienne chapelle d&rsquo;un ch\u00e2teau r\u00e9habilit\u00e9 en habitation.Menuiseries dessin\u00e9es par les clients.<\/p>\n","protected":false},"author":1,"featured_media":1005,"comment_status":"closed","ping_status":"open","sticky":false,"template":"","format":"standard","meta":{"om_disable_all_campaigns":false,"_monsterinsights_skip_tracking":false,"_uf_show_specific_survey":0,"_uf_disable_surveys":false,"footnotes":"","_wpscppro_dont_share_socialmedia":false,"_wpscppro_custom_social_share_image":0,"_facebook_share_type":"","_twitter_share_type":"","_linkedin_share_type":"","_pinterest_share_type":"","_linkedin_share_type_page":"","_instagram_share_type":"","_medium_share_type":"","_threads_share_type":"","_google_business_share_type":"","_bluesky_share_type":"","_mastodon_share_type":"","_selected_social_profile":[],"_wpsp_enable_custom_social_template":false,"_wpsp_social_scheduling":{"enabled":false,"datetime":null,"platforms":[],"status":"template_only","dateOption":"today","timeOption":"now","customDays":"","customHours":"","customDate":"","customTime":"","schedulingType":"absolute"},"_wpsp_active_default_template":true},"categories":[1],"tags":[],"class_list":["post-1018","post","type-post","status-publish","format-standard","has-post-thumbnail","hentry","category-non-classe"],"aioseo_notices":[],"aioseo_head":"\n\t\t<!-- All in One SEO 5.0.1.1 - aioseo.com -->\n\t<meta name=\"description\" content=\"Menuiseries sur mesure dans une ancienne chapelle d&#039;un ch\u00e2teau r\u00e9habilit\u00e9 en habitation.Menuiseries dessin\u00e9es par les clients.\" \/>\n\t<meta name=\"robots\" content=\"max-image-preview:large\" \/>\n\t<meta name=\"author\" content=\"seissoe\"\/>\n\t<link rel=\"canonical\" href=\"https:\/\/seisson-menuiserie.fr\/?p=1018\" \/>\n\t<meta name=\"generator\" content=\"All in One SEO (AIOSEO) 5.0.1.1\" \/>\n\t\t<meta property=\"og:locale\" content=\"fr_FR\" \/>\n\t\t<meta property=\"og:site_name\" content=\"Seisson Menuiserie -\" \/>\n\t\t<meta property=\"og:type\" content=\"article\" \/>\n\t\t<meta property=\"og:title\" content=\"Fabrication de menuiseries sur mesure\" \/>\n\t\t<meta property=\"og:description\" content=\"Menuiseries sur mesure dans une ancienne chapelle d&#039;un ch\u00e2teau r\u00e9habilit\u00e9 en habitation.Menuiseries dessin\u00e9es par les clients.\" \/>\n\t\t<meta property=\"og:url\" content=\"https:\/\/seisson-menuiserie.fr\/?p=1018\" \/>\n\t\t<meta property=\"og:image\" content=\"https:\/\/seisson-menuiserie.fr\/wp-content\/uploads\/2024\/11\/PHOTO-2024-11-13-19-28-07.jpg\" \/>\n\t\t<meta property=\"og:image:secure_url\" content=\"https:\/\/seisson-menuiserie.fr\/wp-content\/uploads\/2024\/11\/PHOTO-2024-11-13-19-28-07.jpg\" \/>\n\t\t<meta property=\"og:image:width\" content=\"1600\" \/>\n\t\t<meta property=\"og:image:height\" content=\"721\" \/>\n\t\t<meta property=\"article:published_time\" content=\"2024-11-24T16:36:14+00:00\" \/>\n\t\t<meta property=\"article:modified_time\" content=\"2024-11-24T16:36:16+00:00\" \/>\n\t\t<meta property=\"article:publisher\" content=\"https:\/\/www.facebook.com\/search\/top?q=seissonmenuiserie\" \/>\n\t\t<meta name=\"twitter:card\" content=\"summary_large_image\" \/>\n\t\t<meta name=\"twitter:title\" content=\"Fabrication de menuiseries sur mesure\" \/>\n\t\t<meta name=\"twitter:description\" content=\"Menuiseries sur mesure dans une ancienne chapelle d&#039;un ch\u00e2teau r\u00e9habilit\u00e9 en habitation.Menuiseries dessin\u00e9es par les clients.\" \/>\n\t\t<meta name=\"twitter:image\" content=\"http:\/\/seisson-menuiserie.fr\/wp-content\/uploads\/2022\/10\/logo-accueil-1-scaled.jpg\" \/>\n\t\t<script type=\"application\/ld+json\" class=\"aioseo-schema\">\n\t\t\t{\"@context\":\"https:\\\/\\\/schema.org\",\"@graph\":[{\"@type\":\"BlogPosting\",\"@id\":\"https:\\\/\\\/seisson-menuiserie.fr\\\/?p=1018#blogposting\",\"name\":\"Fabrication de menuiseries sur mesure\",\"headline\":\"Fabrication de menuiseries sur mesure\",\"author\":{\"@id\":\"https:\\\/\\\/seisson-menuiserie.fr\\\/?author=1#author\"},\"publisher\":{\"@id\":\"https:\\\/\\\/seisson-menuiserie.fr\\\/#organization\"},\"image\":{\"@type\":\"ImageObject\",\"url\":\"https:\\\/\\\/seisson-menuiserie.fr\\\/wp-content\\\/uploads\\\/2024\\\/11\\\/PHOTO-2024-11-13-19-28-07.jpg\",\"width\":1600,\"height\":721},\"datePublished\":\"2024-11-24T17:36:14+01:00\",\"dateModified\":\"2024-11-24T17:36:16+01:00\",\"inLanguage\":\"fr-FR\",\"mainEntityOfPage\":{\"@id\":\"https:\\\/\\\/seisson-menuiserie.fr\\\/?p=1018#webpage\"},\"isPartOf\":{\"@id\":\"https:\\\/\\\/seisson-menuiserie.fr\\\/?p=1018#webpage\"},\"articleSection\":\"Non class\\u00e9\"},{\"@type\":\"BreadcrumbList\",\"@id\":\"https:\\\/\\\/seisson-menuiserie.fr\\\/?p=1018#breadcrumblist\",\"itemListElement\":[{\"@type\":\"ListItem\",\"@id\":\"https:\\\/\\\/seisson-menuiserie.fr#listItem\",\"position\":1,\"name\":\"Home\",\"item\":\"https:\\\/\\\/seisson-menuiserie.fr\",\"nextItem\":{\"@type\":\"ListItem\",\"@id\":\"https:\\\/\\\/seisson-menuiserie.fr\\\/?cat=1#listItem\",\"name\":\"Non class\\u00e9\"}},{\"@type\":\"ListItem\",\"@id\":\"https:\\\/\\\/seisson-menuiserie.fr\\\/?cat=1#listItem\",\"position\":2,\"name\":\"Non class\\u00e9\",\"item\":\"https:\\\/\\\/seisson-menuiserie.fr\\\/?cat=1\",\"nextItem\":{\"@type\":\"ListItem\",\"@id\":\"https:\\\/\\\/seisson-menuiserie.fr\\\/?p=1018#listItem\",\"name\":\"Fabrication de menuiseries sur mesure\"},\"previousItem\":{\"@type\":\"ListItem\",\"@id\":\"https:\\\/\\\/seisson-menuiserie.fr#listItem\",\"name\":\"Home\"}},{\"@type\":\"ListItem\",\"@id\":\"https:\\\/\\\/seisson-menuiserie.fr\\\/?p=1018#listItem\",\"position\":3,\"name\":\"Fabrication de menuiseries sur mesure\",\"previousItem\":{\"@type\":\"ListItem\",\"@id\":\"https:\\\/\\\/seisson-menuiserie.fr\\\/?cat=1#listItem\",\"name\":\"Non class\\u00e9\"}}]},{\"@type\":\"Organization\",\"@id\":\"https:\\\/\\\/seisson-menuiserie.fr\\\/#organization\",\"name\":\"Seisson Menuiserie\",\"url\":\"https:\\\/\\\/seisson-menuiserie.fr\\\/\",\"logo\":{\"@type\":\"ImageObject\",\"url\":\"https:\\\/\\\/seisson-menuiserie.fr\\\/wp-content\\\/uploads\\\/2022\\\/10\\\/logo-accueil-1-scaled.jpg\",\"@id\":\"https:\\\/\\\/seisson-menuiserie.fr\\\/?p=1018\\\/#organizationLogo\",\"width\":2560,\"height\":731},\"image\":{\"@id\":\"https:\\\/\\\/seisson-menuiserie.fr\\\/?p=1018\\\/#organizationLogo\"},\"sameAs\":[\"https:\\\/\\\/www.facebook.com\\\/search\\\/top?q=seissonmenuiserie\",\"https:\\\/\\\/www.instagram.com\\\/seisson_menuiserie\\\/\"]},{\"@type\":\"Person\",\"@id\":\"https:\\\/\\\/seisson-menuiserie.fr\\\/?author=1#author\",\"url\":\"https:\\\/\\\/seisson-menuiserie.fr\\\/?author=1\",\"name\":\"seissoe\",\"image\":{\"@type\":\"ImageObject\",\"@id\":\"https:\\\/\\\/seisson-menuiserie.fr\\\/?p=1018#authorImage\",\"url\":\"https:\\\/\\\/secure.gravatar.com\\\/avatar\\\/29f877c9cbab61e3a4ff36126e6b3acabe023bb53c6a2ffefc7ef28300542267?s=96&d=mm&r=g\",\"width\":96,\"height\":96,\"caption\":\"seissoe\"}},{\"@type\":\"WebPage\",\"@id\":\"https:\\\/\\\/seisson-menuiserie.fr\\\/?p=1018#webpage\",\"url\":\"https:\\\/\\\/seisson-menuiserie.fr\\\/?p=1018\",\"name\":\"Fabrication de menuiseries sur mesure\",\"description\":\"Menuiseries sur mesure dans une ancienne chapelle d'un ch\\u00e2teau r\\u00e9habilit\\u00e9 en habitation.Menuiseries dessin\\u00e9es par les clients.\",\"inLanguage\":\"fr-FR\",\"isPartOf\":{\"@id\":\"https:\\\/\\\/seisson-menuiserie.fr\\\/#website\"},\"breadcrumb\":{\"@id\":\"https:\\\/\\\/seisson-menuiserie.fr\\\/?p=1018#breadcrumblist\"},\"author\":{\"@id\":\"https:\\\/\\\/seisson-menuiserie.fr\\\/?author=1#author\"},\"creator\":{\"@id\":\"https:\\\/\\\/seisson-menuiserie.fr\\\/?author=1#author\"},\"image\":{\"@type\":\"ImageObject\",\"url\":\"https:\\\/\\\/seisson-menuiserie.fr\\\/wp-content\\\/uploads\\\/2024\\\/11\\\/PHOTO-2024-11-13-19-28-07.jpg\",\"@id\":\"https:\\\/\\\/seisson-menuiserie.fr\\\/?p=1018\\\/#mainImage\",\"width\":1600,\"height\":721},\"primaryImageOfPage\":{\"@id\":\"https:\\\/\\\/seisson-menuiserie.fr\\\/?p=1018#mainImage\"},\"datePublished\":\"2024-11-24T17:36:14+01:00\",\"dateModified\":\"2024-11-24T17:36:16+01:00\"},{\"@type\":\"WebSite\",\"@id\":\"https:\\\/\\\/seisson-menuiserie.fr\\\/#website\",\"url\":\"https:\\\/\\\/seisson-menuiserie.fr\\\/\",\"name\":\"Seisson Menuiserie\",\"inLanguage\":\"fr-FR\",\"publisher\":{\"@id\":\"https:\\\/\\\/seisson-menuiserie.fr\\\/#organization\"}}]}\n\t\t<\/script>\n\t\t<!-- All in One SEO -->\n\n","aioseo_head_json":{"title":"Fabrication de menuiseries sur mesure","description":"Menuiseries sur mesure dans une ancienne chapelle d'un ch\u00e2teau r\u00e9habilit\u00e9 en habitation.Menuiseries dessin\u00e9es par les clients.","canonical_url":"https:\/\/seisson-menuiserie.fr\/?p=1018","robots":"max-image-preview:large","keywords":"","webmasterTools":{"miscellaneous":""},"schema":{"@context":"https:\/\/schema.org","@graph":[{"@type":"BlogPosting","@id":"https:\/\/seisson-menuiserie.fr\/?p=1018#blogposting","name":"Fabrication de menuiseries sur mesure","headline":"Fabrication de menuiseries sur mesure","author":{"@id":"https:\/\/seisson-menuiserie.fr\/?author=1#author"},"publisher":{"@id":"https:\/\/seisson-menuiserie.fr\/#organization"},"image":{"@type":"ImageObject","url":"https:\/\/seisson-menuiserie.fr\/wp-content\/uploads\/2024\/11\/PHOTO-2024-11-13-19-28-07.jpg","width":1600,"height":721},"datePublished":"2024-11-24T17:36:14+01:00","dateModified":"2024-11-24T17:36:16+01:00","inLanguage":"fr-FR","mainEntityOfPage":{"@id":"https:\/\/seisson-menuiserie.fr\/?p=1018#webpage"},"isPartOf":{"@id":"https:\/\/seisson-menuiserie.fr\/?p=1018#webpage"},"articleSection":"Non class\u00e9"},{"@type":"BreadcrumbList","@id":"https:\/\/seisson-menuiserie.fr\/?p=1018#breadcrumblist","itemListElement":[{"@type":"ListItem","@id":"https:\/\/seisson-menuiserie.fr#listItem","position":1,"name":"Home","item":"https:\/\/seisson-menuiserie.fr","nextItem":{"@type":"ListItem","@id":"https:\/\/seisson-menuiserie.fr\/?cat=1#listItem","name":"Non class\u00e9"}},{"@type":"ListItem","@id":"https:\/\/seisson-menuiserie.fr\/?cat=1#listItem","position":2,"name":"Non class\u00e9","item":"https:\/\/seisson-menuiserie.fr\/?cat=1","nextItem":{"@type":"ListItem","@id":"https:\/\/seisson-menuiserie.fr\/?p=1018#listItem","name":"Fabrication de menuiseries sur mesure"},"previousItem":{"@type":"ListItem","@id":"https:\/\/seisson-menuiserie.fr#listItem","name":"Home"}},{"@type":"ListItem","@id":"https:\/\/seisson-menuiserie.fr\/?p=1018#listItem","position":3,"name":"Fabrication de menuiseries sur mesure","previousItem":{"@type":"ListItem","@id":"https:\/\/seisson-menuiserie.fr\/?cat=1#listItem","name":"Non class\u00e9"}}]},{"@type":"Organization","@id":"https:\/\/seisson-menuiserie.fr\/#organization","name":"Seisson Menuiserie","url":"https:\/\/seisson-menuiserie.fr\/","logo":{"@type":"ImageObject","url":"https:\/\/seisson-menuiserie.fr\/wp-content\/uploads\/2022\/10\/logo-accueil-1-scaled.jpg","@id":"https:\/\/seisson-menuiserie.fr\/?p=1018\/#organizationLogo","width":2560,"height":731},"image":{"@id":"https:\/\/seisson-menuiserie.fr\/?p=1018\/#organizationLogo"},"sameAs":["https:\/\/www.facebook.com\/search\/top?q=seissonmenuiserie","https:\/\/www.instagram.com\/seisson_menuiserie\/"]},{"@type":"Person","@id":"https:\/\/seisson-menuiserie.fr\/?author=1#author","url":"https:\/\/seisson-menuiserie.fr\/?author=1","name":"seissoe","image":{"@type":"ImageObject","@id":"https:\/\/seisson-menuiserie.fr\/?p=1018#authorImage","url":"https:\/\/secure.gravatar.com\/avatar\/29f877c9cbab61e3a4ff36126e6b3acabe023bb53c6a2ffefc7ef28300542267?s=96&d=mm&r=g","width":96,"height":96,"caption":"seissoe"}},{"@type":"WebPage","@id":"https:\/\/seisson-menuiserie.fr\/?p=1018#webpage","url":"https:\/\/seisson-menuiserie.fr\/?p=1018","name":"Fabrication de menuiseries sur mesure","description":"Menuiseries sur mesure dans une ancienne chapelle d'un ch\u00e2teau r\u00e9habilit\u00e9 en habitation.Menuiseries dessin\u00e9es par les clients.","inLanguage":"fr-FR","isPartOf":{"@id":"https:\/\/seisson-menuiserie.fr\/#website"},"breadcrumb":{"@id":"https:\/\/seisson-menuiserie.fr\/?p=1018#breadcrumblist"},"author":{"@id":"https:\/\/seisson-menuiserie.fr\/?author=1#author"},"creator":{"@id":"https:\/\/seisson-menuiserie.fr\/?author=1#author"},"image":{"@type":"ImageObject","url":"https:\/\/seisson-menuiserie.fr\/wp-content\/uploads\/2024\/11\/PHOTO-2024-11-13-19-28-07.jpg","@id":"https:\/\/seisson-menuiserie.fr\/?p=1018\/#mainImage","width":1600,"height":721},"primaryImageOfPage":{"@id":"https:\/\/seisson-menuiserie.fr\/?p=1018#mainImage"},"datePublished":"2024-11-24T17:36:14+01:00","dateModified":"2024-11-24T17:36:16+01:00"},{"@type":"WebSite","@id":"https:\/\/seisson-menuiserie.fr\/#website","url":"https:\/\/seisson-menuiserie.fr\/","name":"Seisson Menuiserie","inLanguage":"fr-FR","publisher":{"@id":"https:\/\/seisson-menuiserie.fr\/#organization"}}]},"og:locale":"fr_FR","og:site_name":"Seisson Menuiserie -","og:type":"article","og:title":"Fabrication de menuiseries sur mesure","og:description":"Menuiseries sur mesure dans une ancienne chapelle d'un ch\u00e2teau r\u00e9habilit\u00e9 en habitation.Menuiseries dessin\u00e9es par les clients.","og:url":"https:\/\/seisson-menuiserie.fr\/?p=1018","og:image":"https:\/\/seisson-menuiserie.fr\/wp-content\/uploads\/2024\/11\/PHOTO-2024-11-13-19-28-07.jpg","og:image:secure_url":"https:\/\/seisson-menuiserie.fr\/wp-content\/uploads\/2024\/11\/PHOTO-2024-11-13-19-28-07.jpg","og:image:width":"1600","og:image:height":"721","article:published_time":"2024-11-24T16:36:14+00:00","article:modified_time":"2024-11-24T16:36:16+00:00","article:publisher":"https:\/\/www.facebook.com\/search\/top?q=seissonmenuiserie","twitter:card":"summary_large_image","twitter:title":"Fabrication de menuiseries sur mesure","twitter:description":"Menuiseries sur mesure dans une ancienne chapelle d'un ch\u00e2teau r\u00e9habilit\u00e9 en habitation.Menuiseries dessin\u00e9es par les clients.","twitter:image":"http:\/\/seisson-menuiserie.fr\/wp-content\/uploads\/2022\/10\/logo-accueil-1-scaled.jpg"},"aioseo_meta_data":{"post_id":"1018","title":"#post_title","description":null,"keywords":null,"keyphrases":{"focus":[],"additional":[]},"primary_term":null,"canonical_url":null,"og_title":"#post_title","og_description":null,"og_object_type":"default","og_image_type":"featured","og_image_url":"http:\/\/seisson-menuiserie.fr\/wp-content\/uploads\/2024\/11\/PHOTO-2024-11-13-19-28-07.jpg","og_image_width":"1600","og_image_height":"721","og_image_custom_url":null,"og_image_custom_fields":null,"og_video":"","og_custom_url":null,"og_article_section":null,"og_article_tags":null,"twitter_use_og":false,"twitter_card":"default","twitter_image_type":"default","twitter_image_url":null,"twitter_image_custom_url":null,"twitter_image_custom_fields":null,"twitter_title":null,"twitter_description":null,"schema":{"blockGraphs":[],"customGraphs":[],"default":{"data":{"Article":[],"Course":[],"Dataset":[],"FAQPage":[],"Movie":[],"Person":[],"Product":[],"ProductReview":[],"Car":[],"Recipe":[],"Service":[],"SoftwareApplication":[],"WebPage":[]},"graphName":"BlogPosting","isEnabled":true},"graphs":[]},"schema_type":"default","schema_type_options":null,"pillar_content":false,"robots_default":true,"robots_noindex":false,"robots_noarchive":false,"robots_nosnippet":false,"robots_nofollow":false,"robots_noimageindex":false,"robots_noodp":false,"robots_notranslate":false,"robots_max_snippet":"-1","robots_max_videopreview":"-1","robots_max_imagepreview":"large","priority":null,"frequency":"default","local_seo":null,"breadcrumb_settings":null,"limit_modified_date":false,"ai":null,"created":"2024-11-24 16:36:16","updated":"2026-09-02 11:50:19","focus_keyword":null,"additional_keywords":null,"truseo_locale":null,"seo_analyzer_scan_date":null},"aioseo_breadcrumb":"<div class=\"aioseo-breadcrumbs\"><span class=\"aioseo-breadcrumb\">\n\t\t\t<a href=\"https:\/\/seisson-menuiserie.fr\" title=\"Home\">Home<\/a>\n\t\t<\/span><span class=\"aioseo-breadcrumb-separator\">&raquo;<\/span><span class=\"aioseo-breadcrumb\">\n\t\t\t<a href=\"https:\/\/seisson-menuiserie.fr\/?cat=1\" title=\"Non class\u00e9\">Non class\u00e9<\/a>\n\t\t<\/span><span class=\"aioseo-breadcrumb-separator\">&raquo;<\/span><span class=\"aioseo-breadcrumb\">\n\t\t\tFabrication de menuiseries sur mesure\n\t\t<\/span><\/div>","aioseo_breadcrumb_json":[{"label":"Home","link":"https:\/\/seisson-menuiserie.fr"},{"label":"Non class\u00e9","link":"https:\/\/seisson-menuiserie.fr\/?cat=1"},{"label":"Fabrication de menuiseries sur mesure","link":"https:\/\/seisson-menuiserie.fr\/?p=1018"}],"_links":{"self":[{"href":"https:\/\/seisson-menuiserie.fr\/index.php?rest_route=\/wp\/v2\/posts\/1018","targetHints":{"allow":["GET"]}}],"collection":[{"href":"https:\/\/seisson-menuiserie.fr\/index.php?rest_route=\/wp\/v2\/posts"}],"about":[{"href":"https:\/\/seisson-menuiserie.fr\/index.php?rest_route=\/wp\/v2\/types\/post"}],"author":[{"embeddable":true,"href":"https:\/\/seisson-menuiserie.fr\/index.php?rest_route=\/wp\/v2\/users\/1"}],"replies":[{"embeddable":true,"href":"https:\/\/seisson-menuiserie.fr\/index.php?rest_route=%2Fwp%2Fv2%2Fcomments&post=1018"}],"version-history":[{"count":1,"href":"https:\/\/seisson-menuiserie.fr\/index.php?rest_route=\/wp\/v2\/posts\/1018\/revisions"}],"predecessor-version":[{"id":1019,"href":"https:\/\/seisson-menuiserie.fr\/index.php?rest_route=\/wp\/v2\/posts\/1018\/revisions\/1019"}],"wp:featuredmedia":[{"embeddable":true,"href":"https:\/\/seisson-menuiserie.fr\/index.php?rest_route=\/wp\/v2\/media\/1005"}],"wp:attachment":[{"href":"https:\/\/seisson-menuiserie.fr\/index.php?rest_route=%2Fwp%2Fv2%2Fmedia&parent=1018"}],"wp:term":[{"taxonomy":"category","embeddable":true,"href":"https:\/\/seisson-menuiserie.fr\/index.php?rest_route=%2Fwp%2Fv2%2Fcategories&post=1018"},{"taxonomy":"post_tag","embeddable":true,"href":"https:\/\/seisson-menuiserie.fr\/index.php?rest_route=%2Fwp%2Fv2%2Ftags&post=1018"}],"curies":[{"name":"wp","href":"https:\/\/api.w.org\/{rel}","templated":true}]}}